{"id":973,"date":"2018-01-30T17:12:52","date_gmt":"2018-01-30T20:12:52","guid":{"rendered":"http:\/\/weappsideas.com\/adeba\/?p=973"},"modified":"2018-01-31T01:31:27","modified_gmt":"2018-01-31T04:31:27","slug":"adeba-designo-su-nuevo-director-ejecutivo","status":"publish","type":"post","link":"https:\/\/www.adeba.com.ar\/en\/adeba-designo-su-nuevo-director-ejecutivo\/","title":{"rendered":"ADEBA design\u00f3 su nuevo Director Ejecutivo"},"content":{"rendered":"<div>ADEBA tiene el agrado de informar que a partir de 3 de enero del corriente Javier Bolzico desempe\u00f1a la funci\u00f3n de Director Ejecutivo de ADEBA, designaci\u00f3n decidida en forma un\u00e1nime por la Comisi\u00f3n Directiva.\u00a0 Bolzico es Doctor en Econom\u00eda y cuenta con amplia experiencia en temas financieros y bancarios, en Argentina y a nivel internacional.<\/div>\n<div><\/div>\n<div>La Asociaci\u00f3n agradece el invalorable aporte realizado por Norberto Peruzzotti desempe\u00f1ando dicha funci\u00f3n por m\u00e1s de cuatro d\u00e9cadas hasta diciembre \u00faltimo.\u00a0Peruzzotti continuar\u00e1 vinculado a ADEBA aportando sus conocimientos y experiencia como Asesor.<\/div>\n","protected":false},"excerpt":{"rendered":"<p>ADEBA tiene el agrado de informar que a partir de 3 de enero del corriente Javier Bolzico desempe\u00f1a la funci\u00f3n de Director Ejecutivo de ADEBA, designaci\u00f3n decidida en forma un\u00e1nime<span class=\"more\"><a class=\"more-link\" href=\"https:\/\/www.adeba.com.ar\/en\/adeba-designo-su-nuevo-director-ejecutivo\/\">Seguir leyendo <span class=\"meta-nav\">&#8594;<\/span><\/a><\/span><\/p>\n","protected":false},"author":1,"featured_media":979,"comment_status":"closed","ping_status":"open","sticky":false,"template":"","format":"standard","meta":[],"categories":[4],"tags":[],"_links":{"self":[{"href":"https:\/\/www.adeba.com.ar\/en\/wp-json\/wp\/v2\/posts\/973"}],"collection":[{"href":"https:\/\/www.adeba.com.ar\/en\/wp-json\/wp\/v2\/posts"}],"about":[{"href":"https:\/\/www.adeba.com.ar\/en\/wp-json\/wp\/v2\/types\/post"}],"author":[{"embeddable":true,"href":"https:\/\/www.adeba.com.ar\/en\/wp-json\/wp\/v2\/users\/1"}],"replies":[{"embeddable":true,"href":"https:\/\/www.adeba.com.ar\/en\/wp-json\/wp\/v2\/comments?post=973"}],"version-history":[{"count":2,"href":"https:\/\/www.adeba.com.ar\/en\/wp-json\/wp\/v2\/posts\/973\/revisions"}],"predecessor-version":[{"id":1018,"href":"https:\/\/www.adeba.com.ar\/en\/wp-json\/wp\/v2\/posts\/973\/revisions\/1018"}],"wp:featuredmedia":[{"embeddable":true,"href":"https:\/\/www.adeba.com.ar\/en\/wp-json\/wp\/v2\/media\/979"}],"wp:attachment":[{"href":"https:\/\/www.adeba.com.ar\/en\/wp-json\/wp\/v2\/media?parent=973"}],"wp:term":[{"taxonomy":"category","embeddable":true,"href":"https:\/\/www.adeba.com.ar\/en\/wp-json\/wp\/v2\/categories?post=973"},{"taxonomy":"post_tag","embeddable":true,"href":"https:\/\/www.adeba.com.ar\/en\/wp-json\/wp\/v2\/tags?post=973"}],"curies":[{"name":"wp","href":"https:\/\/api.w.org\/{rel}","templated":true}]}}