{"id":8763,"date":"2019-06-12T14:32:39","date_gmt":"2019-06-12T17:32:39","guid":{"rendered":"https:\/\/www.adeba.com.ar\/?p=8763"},"modified":"2019-06-12T14:32:39","modified_gmt":"2019-06-12T17:32:39","slug":"resolucion-general-de-la-administracion-federal-de-ingresos-publicos-4503-2019","status":"publish","type":"post","link":"https:\/\/www.adeba.com.ar\/en\/resolucion-general-de-la-administracion-federal-de-ingresos-publicos-4503-2019\/","title":{"rendered":"Resoluci\u00f3n General de la Administraci\u00f3n Federal de Ingresos P\u00fablicos 4503\/2019"},"content":{"rendered":"<p>La Administraci\u00f3n Federal de Ingresos P\u00fablicos (AFIP) implementa el\u00a0<strong>servicio con Clave Fiscal denominado &#8216;Presentaciones Digitales&#8217;<\/strong>\u00a0para realizar electr\u00f3nicamente presentaciones y\/o comunicaciones escritas con car\u00e1cter de declaraci\u00f3n jurada, en el \u00e1mbito de las Direcciones Generales Impositiva y de los Recursos de la Seguridad Social de esta Administraci\u00f3n Federal.\u00a0Se dispone que la n\u00f3mina de las presentaciones y\/o comunicaciones respecto de las cuales estar\u00e1 disponible el servicio &#8216;Presentaciones Digitales&#8217;, con su correspondiente fecha de habilitaci\u00f3n, ser\u00e1 publicada en el micrositio &#8216;Presentaciones Digitales&#8217; (<a href=\"http:\/\/www.afip.gob.ar\/Presentaciones-Digitales\" target=\"_blank\" rel=\"noopener\" data-saferedirecturl=\"https:\/\/www.google.com\/url?q=http:\/\/www.afip.gob.ar\/Presentaciones-Digitales&#038;source=gmail&#038;ust=1560447092993000&#038;usg=AFQjCNHf_XUaRx_hSs0FBQ5YA6IO6fSRYA\">www.afip.gob.ar\/<wbr \/>Presentaciones-Digitales<\/a>) del sitio de AFIP.\u00a0\u00a0En una primera etapa, la utilizaci\u00f3n del referido servicio se encontrar\u00e1 disponible para las presentaciones y\/o comunicaciones indicadas en el Anexo I de la presente. Para realizar dichas presentaciones y\/o comunicaciones electr\u00f3nicas se deber\u00e1 tener Clave \u00danica de Identificaci\u00f3n Tributaria (CUIT), C\u00f3digo \u00danico de Identificaci\u00f3n Laboral (CUIL) o Clave de Identificaci\u00f3n (CDI), contar con &#8216;Clave Fiscal&#8217; con Nivel de Seguridad 2 o superior y poseer Domicilio Fiscal Electr\u00f3nico. El seguimiento del estado de gesti\u00f3n de la presentaci\u00f3n y\/o comunicaci\u00f3n realizada mediante el servicio &#8216;Presentaciones Digitales&#8217;, podr\u00e1 efectuarse a trav\u00e9s del mismo servicio. \u00a0\u00a0Las disposiciones establecidas en esta resoluci\u00f3n entrar\u00e1n en<u>\u00a0vigencia para las presentaciones y\/o comunicaciones que se realicen desde el d\u00eda de su publicaci\u00f3n en el Bolet\u00edn Oficial<\/u>, excepto para aquellos\u00a0<u>contribuyentes inscriptos en jurisdicci\u00f3n de la Direcci\u00f3n de Operaciones Grandes Contribuyentes Nacionales, en cuyo caso resultar\u00e1n de aplicaci\u00f3n para las presentaciones digitales que se efect\u00faen a partir del 26\/06\/19.<\/u><\/p>\n","protected":false},"excerpt":{"rendered":"<p>Procedimiento. Presentaciones y\/o comunicaciones electr\u00f3nicas en el \u00e1mbito de las Direcciones Generales Impositiva y de los Recursos de la Seguridad Social. Su implementaci\u00f3n.<\/p>\n","protected":false},"author":1,"featured_media":0,"comment_status":"closed","ping_status":"open","sticky":false,"template":"","format":"standard","meta":[],"categories":[5],"tags":[],"_links":{"self":[{"href":"https:\/\/www.adeba.com.ar\/en\/wp-json\/wp\/v2\/posts\/8763"}],"collection":[{"href":"https:\/\/www.adeba.com.ar\/en\/wp-json\/wp\/v2\/posts"}],"about":[{"href":"https:\/\/www.adeba.com.ar\/en\/wp-json\/wp\/v2\/types\/post"}],"author":[{"embeddable":true,"href":"https:\/\/www.adeba.com.ar\/en\/wp-json\/wp\/v2\/users\/1"}],"replies":[{"embeddable":true,"href":"https:\/\/www.adeba.com.ar\/en\/wp-json\/wp\/v2\/comments?post=8763"}],"version-history":[{"count":1,"href":"https:\/\/www.adeba.com.ar\/en\/wp-json\/wp\/v2\/posts\/8763\/revisions"}],"predecessor-version":[{"id":8764,"href":"https:\/\/www.adeba.com.ar\/en\/wp-json\/wp\/v2\/posts\/8763\/revisions\/8764"}],"wp:attachment":[{"href":"https:\/\/www.adeba.com.ar\/en\/wp-json\/wp\/v2\/media?parent=8763"}],"wp:term":[{"taxonomy":"category","embeddable":true,"href":"https:\/\/www.adeba.com.ar\/en\/wp-json\/wp\/v2\/categories?post=8763"},{"taxonomy":"post_tag","embeddable":true,"href":"https:\/\/www.adeba.com.ar\/en\/wp-json\/wp\/v2\/tags?post=8763"}],"curies":[{"name":"wp","href":"https:\/\/api.w.org\/{rel}","templated":true}]}}