{"id":812,"date":"2013-08-14T19:36:10","date_gmt":"2013-08-14T22:36:10","guid":{"rendered":"http:\/\/weappsideas.com\/adeba\/?p=812"},"modified":"2018-01-29T22:17:50","modified_gmt":"2018-01-30T01:17:50","slug":"comunicado-de-prensa-2","status":"publish","type":"post","link":"https:\/\/www.adeba.com.ar\/en\/comunicado-de-prensa-2\/","title":{"rendered":"Comunicado de prensa"},"content":{"rendered":"<p style=\"font-weight: 400;\"><span style=\"font-style: inherit;\">Buenos Aires, 14 de Agosto de 2013. La Asociaci\u00f3n de Bancos Argentinos comunica que recibe con benepl\u00e1cito la convocatoria de la Presidenta de la Naci\u00f3n para continuar el di\u00e1logo con los sectores de la vida nacional a efectos de seguir adelante con el proceso de desarrollo con inclusi\u00f3n que el pa\u00eds viene recorriendo.\u00a0<\/span><\/p>\n<p style=\"font-weight: 400;\"><span style=\"font-style: inherit;\">ADEBA tiene la mejor disposici\u00f3n ante esta iniciativa, en el entendimiento de que es el camino m\u00e1s apto para mejorar la competitividad de la econom\u00eda en general y para disipar las tensiones que son propias de los procesos de crecimiento.\u00a0<\/span><\/p>\n<p style=\"font-weight: 400;\"><span style=\"font-style: inherit;\">Destacamos que en repetidas oportunidades ADEBA manifest\u00f3 su voluntad para trabajar con esa metodolog\u00eda, en conjunto con el Gobierno y el resto de los sectores de la vida nacional.<\/span><\/p>\n<p style=\"font-weight: 400;\"><span style=\"font-style: inherit;\">\u00a0<\/span><\/p>\n","protected":false},"excerpt":{"rendered":"<p>Buenos Aires, 14 de Agosto de 2013. La Asociaci\u00f3n de Bancos Argentinos comunica que recibe con benepl\u00e1cito la convocatoria de la Presidenta de la Naci\u00f3n para continuar el di\u00e1logo con<span class=\"more\"><a class=\"more-link\" href=\"https:\/\/www.adeba.com.ar\/en\/comunicado-de-prensa-2\/\">Seguir leyendo <span class=\"meta-nav\">&#8594;<\/span><\/a><\/span><\/p>\n","protected":false},"author":1,"featured_media":0,"comment_status":"closed","ping_status":"open","sticky":false,"template":"","format":"standard","meta":[],"categories":[4],"tags":[],"_links":{"self":[{"href":"https:\/\/www.adeba.com.ar\/en\/wp-json\/wp\/v2\/posts\/812"}],"collection":[{"href":"https:\/\/www.adeba.com.ar\/en\/wp-json\/wp\/v2\/posts"}],"about":[{"href":"https:\/\/www.adeba.com.ar\/en\/wp-json\/wp\/v2\/types\/post"}],"author":[{"embeddable":true,"href":"https:\/\/www.adeba.com.ar\/en\/wp-json\/wp\/v2\/users\/1"}],"replies":[{"embeddable":true,"href":"https:\/\/www.adeba.com.ar\/en\/wp-json\/wp\/v2\/comments?post=812"}],"version-history":[{"count":1,"href":"https:\/\/www.adeba.com.ar\/en\/wp-json\/wp\/v2\/posts\/812\/revisions"}],"predecessor-version":[{"id":813,"href":"https:\/\/www.adeba.com.ar\/en\/wp-json\/wp\/v2\/posts\/812\/revisions\/813"}],"wp:attachment":[{"href":"https:\/\/www.adeba.com.ar\/en\/wp-json\/wp\/v2\/media?parent=812"}],"wp:term":[{"taxonomy":"category","embeddable":true,"href":"https:\/\/www.adeba.com.ar\/en\/wp-json\/wp\/v2\/categories?post=812"},{"taxonomy":"post_tag","embeddable":true,"href":"https:\/\/www.adeba.com.ar\/en\/wp-json\/wp\/v2\/tags?post=812"}],"curies":[{"name":"wp","href":"https:\/\/api.w.org\/{rel}","templated":true}]}}