{"id":7889,"date":"2019-04-08T17:05:29","date_gmt":"2019-04-08T20:05:29","guid":{"rendered":"https:\/\/www.adeba.com.ar\/?p=7889"},"modified":"2019-04-08T17:05:29","modified_gmt":"2019-04-08T20:05:29","slug":"tucuman-resolucion-general-de-la-direccion-general-de-rentas-25-2019","status":"publish","type":"post","link":"https:\/\/www.adeba.com.ar\/en\/tucuman-resolucion-general-de-la-direccion-general-de-rentas-25-2019\/","title":{"rendered":"Tucum\u00e1n Resoluci\u00f3n General de la Direcci\u00f3n General de Rentas 25\/2019"},"content":{"rendered":"<p>R\u00e9gimen excepcional, general y temporario de facilidades de pago. Adhesi\u00f3n. Condiciones. Modificaci\u00f3n.<\/p>\n","protected":false},"excerpt":{"rendered":"<p>R\u00e9gimen excepcional, general y temporario de facilidades de pago. Adhesi\u00f3n. Condiciones. Modificaci\u00f3n. <\/p>\n","protected":false},"author":1,"featured_media":0,"comment_status":"closed","ping_status":"open","sticky":false,"template":"","format":"standard","meta":[],"categories":[5],"tags":[],"_links":{"self":[{"href":"https:\/\/www.adeba.com.ar\/en\/wp-json\/wp\/v2\/posts\/7889"}],"collection":[{"href":"https:\/\/www.adeba.com.ar\/en\/wp-json\/wp\/v2\/posts"}],"about":[{"href":"https:\/\/www.adeba.com.ar\/en\/wp-json\/wp\/v2\/types\/post"}],"author":[{"embeddable":true,"href":"https:\/\/www.adeba.com.ar\/en\/wp-json\/wp\/v2\/users\/1"}],"replies":[{"embeddable":true,"href":"https:\/\/www.adeba.com.ar\/en\/wp-json\/wp\/v2\/comments?post=7889"}],"version-history":[{"count":2,"href":"https:\/\/www.adeba.com.ar\/en\/wp-json\/wp\/v2\/posts\/7889\/revisions"}],"predecessor-version":[{"id":7891,"href":"https:\/\/www.adeba.com.ar\/en\/wp-json\/wp\/v2\/posts\/7889\/revisions\/7891"}],"wp:attachment":[{"href":"https:\/\/www.adeba.com.ar\/en\/wp-json\/wp\/v2\/media?parent=7889"}],"wp:term":[{"taxonomy":"category","embeddable":true,"href":"https:\/\/www.adeba.com.ar\/en\/wp-json\/wp\/v2\/categories?post=7889"},{"taxonomy":"post_tag","embeddable":true,"href":"https:\/\/www.adeba.com.ar\/en\/wp-json\/wp\/v2\/tags?post=7889"}],"curies":[{"name":"wp","href":"https:\/\/api.w.org\/{rel}","templated":true}]}}