{"id":7878,"date":"2019-04-05T16:30:50","date_gmt":"2019-04-05T19:30:50","guid":{"rendered":"https:\/\/www.adeba.com.ar\/?p=7878"},"modified":"2019-05-15T10:40:00","modified_gmt":"2019-05-15T13:40:00","slug":"resolucion-general-de-la-administracion-federal-de-ingresos-publicos-4456-2019","status":"publish","type":"post","link":"https:\/\/www.adeba.com.ar\/en\/resolucion-general-de-la-administracion-federal-de-ingresos-publicos-4456-2019\/","title":{"rendered":"Resoluci\u00f3n General de la Administraci\u00f3n Federal de Ingresos P\u00fablicos 4456\/2019"},"content":{"rendered":"<p>En el marco de lo dispuesto por la ley de la\u00a0<u>Provincia del Chubut<\/u>\u00a0que declar\u00f3 el estado de emergencia comercial en todo el territorio provincial por 180 d\u00edas contados a partir de su entrada en vigencia y teniendo en cuenta la pr\u00f3rroga de la misma hasta el \u00faltimo d\u00eda de 2019\u00a0por ley, la Administraci\u00f3n Federal de Ingresos P\u00fablicos (AFIP) extiende\u00a0<u>hasta el 31\/12\/19\u00a0inclusive<\/u>, el\u00a0<strong>plazo de suspensi\u00f3n de las intimaciones y ejecuciones fiscales.<\/strong>\u00a0Recordemos que por la\u00a0<a href=\"https:\/\/www.normasfinancieras.com\/vsr\/jump.aspx?nm_origen=MailSintesis&#038;entorno=NO&#038;nm_accion=LinkDoc&#038;link=N122821\" target=\"_blank\" rel=\"noopener\" data-saferedirecturl=\"https:\/\/www.google.com\/url?q=https:\/\/www.normasfinancieras.com\/vsr\/jump.aspx?nm_origen%3DMailSintesis%26entorno%3DNO%26nm_accion%3DLinkDoc%26link%3DN122821&#038;source=gmail&#038;ust=1554578086128000&#038;usg=AFQjCNHQTyRmtMxVYVzjIqAFxhobxYTwsw\">RG AFIP\u00a04.276\/2018<\/a>, se hab\u00eda resuelto suspender hasta el 31\/12\/18\u00a0inclusive, la emisi\u00f3n y gesti\u00f3n de intimaciones por falta de presentaci\u00f3n y\/o pago, as\u00ed como la iniciaci\u00f3n de juicios de ejecuci\u00f3n fiscal y el cobro de las deudas reclamadas, correspondientes a los sujetos alcanzados por los beneficios previstos en la Ley VII N\u00b0 84 de la Pcia. de Chubut. Dicha fecha se extiende un a\u00f1o m\u00e1s a trav\u00e9s de la presente.\u00a0El objetivo de esta Resoluci\u00f3n\u00a0es facilitar a los contribuyentes y\/o responsables el cumplimiento de sus obligaciones tributarias.<\/p>\n","protected":false},"excerpt":{"rendered":"<p>Procedimiento. Emergencia comercial en la Provincia del Chubut. Suspensi\u00f3n de ejecuciones fiscales. Resoluci\u00f3n General N\u00ba 4.276. Su modificaci\u00f3n.<\/p>\n","protected":false},"author":1,"featured_media":0,"comment_status":"closed","ping_status":"open","sticky":false,"template":"","format":"standard","meta":[],"categories":[5],"tags":[],"_links":{"self":[{"href":"https:\/\/www.adeba.com.ar\/en\/wp-json\/wp\/v2\/posts\/7878"}],"collection":[{"href":"https:\/\/www.adeba.com.ar\/en\/wp-json\/wp\/v2\/posts"}],"about":[{"href":"https:\/\/www.adeba.com.ar\/en\/wp-json\/wp\/v2\/types\/post"}],"author":[{"embeddable":true,"href":"https:\/\/www.adeba.com.ar\/en\/wp-json\/wp\/v2\/users\/1"}],"replies":[{"embeddable":true,"href":"https:\/\/www.adeba.com.ar\/en\/wp-json\/wp\/v2\/comments?post=7878"}],"version-history":[{"count":1,"href":"https:\/\/www.adeba.com.ar\/en\/wp-json\/wp\/v2\/posts\/7878\/revisions"}],"predecessor-version":[{"id":7879,"href":"https:\/\/www.adeba.com.ar\/en\/wp-json\/wp\/v2\/posts\/7878\/revisions\/7879"}],"wp:attachment":[{"href":"https:\/\/www.adeba.com.ar\/en\/wp-json\/wp\/v2\/media?parent=7878"}],"wp:term":[{"taxonomy":"category","embeddable":true,"href":"https:\/\/www.adeba.com.ar\/en\/wp-json\/wp\/v2\/categories?post=7878"},{"taxonomy":"post_tag","embeddable":true,"href":"https:\/\/www.adeba.com.ar\/en\/wp-json\/wp\/v2\/tags?post=7878"}],"curies":[{"name":"wp","href":"https:\/\/api.w.org\/{rel}","templated":true}]}}