{"id":7868,"date":"2019-04-04T16:24:10","date_gmt":"2019-04-04T19:24:10","guid":{"rendered":"https:\/\/www.adeba.com.ar\/?p=7868"},"modified":"2019-04-05T16:29:23","modified_gmt":"2019-04-05T19:29:23","slug":"decreto-244-2019","status":"publish","type":"post","link":"https:\/\/www.adeba.com.ar\/en\/decreto-244-2019\/","title":{"rendered":"Decreto 244\/2019"},"content":{"rendered":"<p>Por el presente decreto, se designa a\u00a0<strong>Lucas Llach en el cargo de vicepresidente del Banco de la Naci\u00f3n Argentina<\/strong>\u00a0para completar un per\u00edodo de ley. El economista ocupar\u00e1 el lugar que qued\u00f3 vacante tras la renuncia de Juan Jos\u00e9 G\u00f3mez Centuri\u00f3n, que se produjo en marzo de este a\u00f1o.\u00a0Anteriormente, se desempe\u00f1\u00f3 como vicepresidente del BCRA durante la gesti\u00f3n de Federico Sturzenegger\u00a0 y, desde hace un tiempo, ejerc\u00eda como asesor del Banco Naci\u00f3n.<\/p>\n","protected":false},"excerpt":{"rendered":"<p>Des\u00edgnase Vicepresidente.<\/p>\n","protected":false},"author":1,"featured_media":0,"comment_status":"closed","ping_status":"open","sticky":false,"template":"","format":"standard","meta":[],"categories":[5],"tags":[],"_links":{"self":[{"href":"https:\/\/www.adeba.com.ar\/en\/wp-json\/wp\/v2\/posts\/7868"}],"collection":[{"href":"https:\/\/www.adeba.com.ar\/en\/wp-json\/wp\/v2\/posts"}],"about":[{"href":"https:\/\/www.adeba.com.ar\/en\/wp-json\/wp\/v2\/types\/post"}],"author":[{"embeddable":true,"href":"https:\/\/www.adeba.com.ar\/en\/wp-json\/wp\/v2\/users\/1"}],"replies":[{"embeddable":true,"href":"https:\/\/www.adeba.com.ar\/en\/wp-json\/wp\/v2\/comments?post=7868"}],"version-history":[{"count":2,"href":"https:\/\/www.adeba.com.ar\/en\/wp-json\/wp\/v2\/posts\/7868\/revisions"}],"predecessor-version":[{"id":7872,"href":"https:\/\/www.adeba.com.ar\/en\/wp-json\/wp\/v2\/posts\/7868\/revisions\/7872"}],"wp:attachment":[{"href":"https:\/\/www.adeba.com.ar\/en\/wp-json\/wp\/v2\/media?parent=7868"}],"wp:term":[{"taxonomy":"category","embeddable":true,"href":"https:\/\/www.adeba.com.ar\/en\/wp-json\/wp\/v2\/categories?post=7868"},{"taxonomy":"post_tag","embeddable":true,"href":"https:\/\/www.adeba.com.ar\/en\/wp-json\/wp\/v2\/tags?post=7868"}],"curies":[{"name":"wp","href":"https:\/\/api.w.org\/{rel}","templated":true}]}}