{"id":7844,"date":"2019-04-03T15:18:10","date_gmt":"2019-04-03T18:18:10","guid":{"rendered":"https:\/\/www.adeba.com.ar\/?p=7844"},"modified":"2019-04-03T15:18:10","modified_gmt":"2019-04-03T18:18:10","slug":"salta-resolucion-general-de-la-direccion-general-de-rentas-13-2019","status":"publish","type":"post","link":"https:\/\/www.adeba.com.ar\/en\/salta-resolucion-general-de-la-direccion-general-de-rentas-13-2019\/","title":{"rendered":"Salta Resoluci\u00f3n General de la Direcci\u00f3n General de Rentas 13\/2019"},"content":{"rendered":"","protected":false},"excerpt":{"rendered":"<p>Actividades econ\u00f3micas. R\u00e9gimen general de retenci\u00f3n. Sujetos comprendidos. Comercio electr\u00f3nico. Incorporaci\u00f3n.<\/p>\n","protected":false},"author":1,"featured_media":0,"comment_status":"closed","ping_status":"open","sticky":false,"template":"","format":"standard","meta":[],"categories":[5],"tags":[],"_links":{"self":[{"href":"https:\/\/www.adeba.com.ar\/en\/wp-json\/wp\/v2\/posts\/7844"}],"collection":[{"href":"https:\/\/www.adeba.com.ar\/en\/wp-json\/wp\/v2\/posts"}],"about":[{"href":"https:\/\/www.adeba.com.ar\/en\/wp-json\/wp\/v2\/types\/post"}],"author":[{"embeddable":true,"href":"https:\/\/www.adeba.com.ar\/en\/wp-json\/wp\/v2\/users\/1"}],"replies":[{"embeddable":true,"href":"https:\/\/www.adeba.com.ar\/en\/wp-json\/wp\/v2\/comments?post=7844"}],"version-history":[{"count":1,"href":"https:\/\/www.adeba.com.ar\/en\/wp-json\/wp\/v2\/posts\/7844\/revisions"}],"predecessor-version":[{"id":7845,"href":"https:\/\/www.adeba.com.ar\/en\/wp-json\/wp\/v2\/posts\/7844\/revisions\/7845"}],"wp:attachment":[{"href":"https:\/\/www.adeba.com.ar\/en\/wp-json\/wp\/v2\/media?parent=7844"}],"wp:term":[{"taxonomy":"category","embeddable":true,"href":"https:\/\/www.adeba.com.ar\/en\/wp-json\/wp\/v2\/categories?post=7844"},{"taxonomy":"post_tag","embeddable":true,"href":"https:\/\/www.adeba.com.ar\/en\/wp-json\/wp\/v2\/tags?post=7844"}],"curies":[{"name":"wp","href":"https:\/\/api.w.org\/{rel}","templated":true}]}}