{"id":7830,"date":"2019-04-03T15:12:39","date_gmt":"2019-04-03T18:12:39","guid":{"rendered":"https:\/\/www.adeba.com.ar\/?p=7830"},"modified":"2019-04-03T15:12:39","modified_gmt":"2019-04-03T18:12:39","slug":"b-11825","status":"publish","type":"post","link":"https:\/\/www.adeba.com.ar\/en\/b-11825\/","title":{"rendered":"&#8216;B&#8217; 11825"},"content":{"rendered":"<p>El BCRA da a conocer modificaciones a la\u00a0<a href=\"https:\/\/www.normasfinancieras.com\/vsr\/jump.aspx?nm_origen=MailSintesis&#038;entorno=NO&#038;nm_accion=LinkDoc&#038;link=N6604\" target=\"_blank\" rel=\"noopener\" data-saferedirecturl=\"https:\/\/www.google.com\/url?q=https:\/\/www.normasfinancieras.com\/vsr\/jump.aspx?nm_origen%3DMailSintesis%26entorno%3DNO%26nm_accion%3DLinkDoc%26link%3DN6604&#038;source=gmail&#038;ust=1554401277752000&#038;usg=AFQjCNErfwmHGrUfoTHvPlQbQ__nDgozOQ\">&#8216;A&#8217; 4143<\/a>, por medio de la cual en el a\u00f1o 2004 defini\u00f3 las pautas operativas de su participaci\u00f3n en el mercado de pases con aplicaci\u00f3n de Lebacs y en el mercado secundario de operaciones de compra\/venta de Lebacs y Nobacs.\u00a0Dentro del Cap\u00edtulo 1 sobre &#8216;<strong>Operaciones de Pase<\/strong>&#8216;, se modifica el punto b) apartado ii) relativo a los d\u00edas y horarios en que se efectuar\u00e1n las liquidaciones. All\u00ed se establece desde ahora que para la &#8216;Venta contado por la apertura de un pase pasivo para el BCRA y venta a t\u00e9rmino por el cierre de un pase activo para el BCRA en la fecha de concertaci\u00f3n y vencimiento respectivamente&#8217;, el BCRA debitar\u00e1 los pesos en la cuenta corriente de la entidad\u00a0<u>a partir de las 17.30 hs<\/u>. y como m\u00e1ximo hasta el cierre MEP, a la vez que acreditar\u00e1 el subyacente involucrado en la operatoria de pases, en la cuenta CRyL Cartera Propia de la entidad, inmediatamente despu\u00e9s de verificado el d\u00e9bito de los pesos correspondientes.\u00a0Se aclara al respecto que de necesitar las entidades adelantar el horario de liquidaci\u00f3n, y\u00a0<u>como m\u00e1ximo hasta las 17.00 hs.<\/u>, podr\u00e1n requerir v\u00eda mail que el BCRA anticipe el d\u00e9bito en su cuenta corriente.\u00a0Con estos cambios, queda sin efecto para las EF la posibilidad de utilizar las operatorias\u00a0<strong>MEP DF5<\/strong>\u00a0(REPO &#8211; Venta a T\u00e9rmino por el cierre de Pase Activo) y\u00a0<strong>DF7<\/strong>\u00a0(REPO &#8211; Venta Contado por la apertura de Pase Pasivo), tal lo dispuesto oportunamente por la\u00a0<a href=\"https:\/\/www.normasfinancieras.com\/vsr\/jump.aspx?nm_origen=MailSintesis&#038;entorno=NO&#038;nm_accion=LinkDoc&#038;link=N11680\" target=\"_blank\" rel=\"noopener\" data-saferedirecturl=\"https:\/\/www.google.com\/url?q=https:\/\/www.normasfinancieras.com\/vsr\/jump.aspx?nm_origen%3DMailSintesis%26entorno%3DNO%26nm_accion%3DLinkDoc%26link%3DN11680&#038;source=gmail&#038;ust=1554401277753000&#038;usg=AFQjCNGEGXt2eMy-sonakjTzmU0m3jHiAg\">&#8216;B&#8217; 8310<\/a>.<\/p>\n","protected":false},"excerpt":{"rendered":"<p>Operaciones de Pase-Rueda Repo.<\/p>\n","protected":false},"author":1,"featured_media":0,"comment_status":"closed","ping_status":"open","sticky":false,"template":"","format":"standard","meta":[],"categories":[5],"tags":[],"_links":{"self":[{"href":"https:\/\/www.adeba.com.ar\/en\/wp-json\/wp\/v2\/posts\/7830"}],"collection":[{"href":"https:\/\/www.adeba.com.ar\/en\/wp-json\/wp\/v2\/posts"}],"about":[{"href":"https:\/\/www.adeba.com.ar\/en\/wp-json\/wp\/v2\/types\/post"}],"author":[{"embeddable":true,"href":"https:\/\/www.adeba.com.ar\/en\/wp-json\/wp\/v2\/users\/1"}],"replies":[{"embeddable":true,"href":"https:\/\/www.adeba.com.ar\/en\/wp-json\/wp\/v2\/comments?post=7830"}],"version-history":[{"count":1,"href":"https:\/\/www.adeba.com.ar\/en\/wp-json\/wp\/v2\/posts\/7830\/revisions"}],"predecessor-version":[{"id":7831,"href":"https:\/\/www.adeba.com.ar\/en\/wp-json\/wp\/v2\/posts\/7830\/revisions\/7831"}],"wp:attachment":[{"href":"https:\/\/www.adeba.com.ar\/en\/wp-json\/wp\/v2\/media?parent=7830"}],"wp:term":[{"taxonomy":"category","embeddable":true,"href":"https:\/\/www.adeba.com.ar\/en\/wp-json\/wp\/v2\/categories?post=7830"},{"taxonomy":"post_tag","embeddable":true,"href":"https:\/\/www.adeba.com.ar\/en\/wp-json\/wp\/v2\/tags?post=7830"}],"curies":[{"name":"wp","href":"https:\/\/api.w.org\/{rel}","templated":true}]}}