{"id":7815,"date":"2019-04-01T06:28:46","date_gmt":"2019-04-01T09:28:46","guid":{"rendered":"https:\/\/www.adeba.com.ar\/?p=7815"},"modified":"2019-04-02T06:29:41","modified_gmt":"2019-04-02T09:29:41","slug":"resolucion-de-la-secretaria-de-la-pequena-y-la-mediana-empresa-y-desarrollo-regional-212-2019-2","status":"publish","type":"post","link":"https:\/\/www.adeba.com.ar\/en\/resolucion-de-la-secretaria-de-la-pequena-y-la-mediana-empresa-y-desarrollo-regional-212-2019-2\/","title":{"rendered":"Resoluci\u00f3n de la Secretar\u00eda de la Peque\u00f1a y la Mediana Empresa y Desarrollo Regional 212\/2019"},"content":{"rendered":"<p><span style=\"color: #333333; font-family: 'Segoe UI','sans-serif'; font-size: 10pt;\">La Secretar\u00eda de la Peque\u00f1a y Mediana Empresa (SEPYME) <span class=\"m_-414733935094445606s3\">prorroga, <u>por \u00fanica vez y hasta el 31\/05\/19<\/u>, el <\/span><strong><span style=\"font-family: 'Segoe UI','sans-serif';\">plazo de vigencia de los certificados MiPyME que vencen el 30\/04\/19<\/span><\/strong><span class=\"m_-414733935094445606s3\">. La presente medida se toma como consecuencia de las adecuaciones que se est\u00e1n realizando en los sistemas de la Administraci\u00f3n Federal de Ingresos P\u00fablicos (AFIP) y SEPYME\u00a0con el fin de simplificar el tr\u00e1mite de las empresas que desean reinscribirse al mencionado registro.\u00a0<\/span><span class=\"m_-414733935094445606s4\">Cabe se\u00f1alar que el tr\u00e1mite de renovaci\u00f3n de dichos certificados podr\u00e1 iniciarse <u>a partir del primer d\u00eda de mayo\/19.<\/u>\u00a0<\/span> <u><\/u><u><\/u><\/span><\/p>\n","protected":false},"excerpt":{"rendered":"<p>Certificados MiPyME. Pr\u00f3rroga. <\/p>\n","protected":false},"author":1,"featured_media":0,"comment_status":"closed","ping_status":"open","sticky":false,"template":"","format":"standard","meta":[],"categories":[5],"tags":[],"_links":{"self":[{"href":"https:\/\/www.adeba.com.ar\/en\/wp-json\/wp\/v2\/posts\/7815"}],"collection":[{"href":"https:\/\/www.adeba.com.ar\/en\/wp-json\/wp\/v2\/posts"}],"about":[{"href":"https:\/\/www.adeba.com.ar\/en\/wp-json\/wp\/v2\/types\/post"}],"author":[{"embeddable":true,"href":"https:\/\/www.adeba.com.ar\/en\/wp-json\/wp\/v2\/users\/1"}],"replies":[{"embeddable":true,"href":"https:\/\/www.adeba.com.ar\/en\/wp-json\/wp\/v2\/comments?post=7815"}],"version-history":[{"count":1,"href":"https:\/\/www.adeba.com.ar\/en\/wp-json\/wp\/v2\/posts\/7815\/revisions"}],"predecessor-version":[{"id":7816,"href":"https:\/\/www.adeba.com.ar\/en\/wp-json\/wp\/v2\/posts\/7815\/revisions\/7816"}],"wp:attachment":[{"href":"https:\/\/www.adeba.com.ar\/en\/wp-json\/wp\/v2\/media?parent=7815"}],"wp:term":[{"taxonomy":"category","embeddable":true,"href":"https:\/\/www.adeba.com.ar\/en\/wp-json\/wp\/v2\/categories?post=7815"},{"taxonomy":"post_tag","embeddable":true,"href":"https:\/\/www.adeba.com.ar\/en\/wp-json\/wp\/v2\/tags?post=7815"}],"curies":[{"name":"wp","href":"https:\/\/api.w.org\/{rel}","templated":true}]}}