{"id":7742,"date":"2019-03-28T17:42:58","date_gmt":"2019-03-28T20:42:58","guid":{"rendered":"https:\/\/www.adeba.com.ar\/?p=7742"},"modified":"2019-04-01T17:46:41","modified_gmt":"2019-04-01T20:46:41","slug":"salta-resolucion-general-de-la-direccion-general-de-rentas-11-2019","status":"publish","type":"post","link":"https:\/\/www.adeba.com.ar\/en\/salta-resolucion-general-de-la-direccion-general-de-rentas-11-2019\/","title":{"rendered":"Salta Resoluci\u00f3n General de la Direcci\u00f3n General de Rentas 11\/2019"},"content":{"rendered":"","protected":false},"excerpt":{"rendered":"<p>Procedimiento. Domicilio fiscal electr\u00f3nico. Reglamentaci\u00f3n. Constituci\u00f3n obligatoria<\/p>\n","protected":false},"author":1,"featured_media":0,"comment_status":"closed","ping_status":"open","sticky":false,"template":"","format":"standard","meta":[],"categories":[5],"tags":[],"_links":{"self":[{"href":"https:\/\/www.adeba.com.ar\/en\/wp-json\/wp\/v2\/posts\/7742"}],"collection":[{"href":"https:\/\/www.adeba.com.ar\/en\/wp-json\/wp\/v2\/posts"}],"about":[{"href":"https:\/\/www.adeba.com.ar\/en\/wp-json\/wp\/v2\/types\/post"}],"author":[{"embeddable":true,"href":"https:\/\/www.adeba.com.ar\/en\/wp-json\/wp\/v2\/users\/1"}],"replies":[{"embeddable":true,"href":"https:\/\/www.adeba.com.ar\/en\/wp-json\/wp\/v2\/comments?post=7742"}],"version-history":[{"count":1,"href":"https:\/\/www.adeba.com.ar\/en\/wp-json\/wp\/v2\/posts\/7742\/revisions"}],"predecessor-version":[{"id":7743,"href":"https:\/\/www.adeba.com.ar\/en\/wp-json\/wp\/v2\/posts\/7742\/revisions\/7743"}],"wp:attachment":[{"href":"https:\/\/www.adeba.com.ar\/en\/wp-json\/wp\/v2\/media?parent=7742"}],"wp:term":[{"taxonomy":"category","embeddable":true,"href":"https:\/\/www.adeba.com.ar\/en\/wp-json\/wp\/v2\/categories?post=7742"},{"taxonomy":"post_tag","embeddable":true,"href":"https:\/\/www.adeba.com.ar\/en\/wp-json\/wp\/v2\/tags?post=7742"}],"curies":[{"name":"wp","href":"https:\/\/api.w.org\/{rel}","templated":true}]}}