{"id":770,"date":"2017-09-13T15:29:29","date_gmt":"2017-09-13T18:29:29","guid":{"rendered":"http:\/\/weappsideas.com\/adeba\/?p=770"},"modified":"2018-03-15T15:45:23","modified_gmt":"2018-03-15T18:45:23","slug":"dujovne-se-reunio-con-las-autoridades-de-adeba","status":"publish","type":"post","link":"https:\/\/www.adeba.com.ar\/en\/dujovne-se-reunio-con-las-autoridades-de-adeba\/","title":{"rendered":"Dujovne se reuni\u00f3 con las autoridades de ADEBA"},"content":{"rendered":"<p style=\"font-weight: 400;\">Dujovne se reuni\u00f3 con las autoridades de ADEBA.<\/p>\n<p style=\"font-weight: 400;\">El ministro de Hacienda, Nicol\u00e1s Dujovne, fue recibido este mediod\u00eda en ADEBA por su presidente Jorge Brito (h) y por otros miembros de la Comisi\u00f3n Directiva de la Asociaci\u00f3n de Bancos Argentinos.<\/p>\n<p style=\"font-weight: 400;\">En el almuerzo de trabajo el ministro hizo un repaso de los temas de inter\u00e9s, en los que est\u00e1 trabajando, para el sector financiero. Entre ellos expuso el crecimiento de la macro econom\u00eda del pa\u00eds y el optimismo que hay en ella. Tambi\u00e9n dio algunos detalles sobre el futuro presupuesto.<\/p>\n<p style=\"font-weight: 400;\">Dujovne coment\u00f3 que a partir de octubre se va a poder conocer el proyecto de reforma impositiva y se va a invitar a todos los sectores del pa\u00eds para debatirla en el Congreso.<\/p>\n<p style=\"font-weight: 400;\">Jorge Brito (h), presidente de ADEBA agreg\u00f3: \u201cLa reuni\u00f3n fue muy importante para ADEBA para continuar el di\u00e1logo cercano que tenemos entre el sector financiero y el Gobierno. Tambi\u00e9n nos parece que es positiva la se\u00f1al que nos da el Gobierno y el Banco Central en la lucha contra la inflaci\u00f3n, ya que era algo que deb\u00eda cambiar para tener un pa\u00eds previsible para todos los sectores\u201d.<\/p>\n<p style=\"font-weight: 400;\">Participaron tambi\u00e9n del encuentro las autoridades de ADEBA: Norberto Peruzzotti, director ejecutivo de ADEBA, Sergio Grinenco, vicepresidente de ADEBA, Javier Gonz\u00e1lez Fraga, vicepresidente de ADEBA, Claudio C\u00e1nepa, vicepresidente de ADEBA, Juan Curuchet, vicepresidente de ADEBA, Sa\u00fal Zang, prosecretario de ADEBA, Joao Pecego, director de ADEBA, Guillermo Cervi\u00f1o, director de ADEBA, Andr\u00e9s Meta, director de ADEBA, Jos\u00e9 Luis Pardo, tesorero de ADEBA, Luis Ribaya, miembro de ADEBA y Laurence Loyer, miembro de ADEBA.<\/p>\n","protected":false},"excerpt":{"rendered":"<p>Dujovne se reuni\u00f3 con las autoridades de ADEBA. El ministro de Hacienda, Nicol\u00e1s Dujovne, fue recibido este mediod\u00eda en ADEBA por su presidente Jorge Brito (h) y por otros miembros<span class=\"more\"><a class=\"more-link\" href=\"https:\/\/www.adeba.com.ar\/en\/dujovne-se-reunio-con-las-autoridades-de-adeba\/\">Seguir leyendo <span class=\"meta-nav\">&#8594;<\/span><\/a><\/span><\/p>\n","protected":false},"author":1,"featured_media":2031,"comment_status":"closed","ping_status":"open","sticky":false,"template":"","format":"standard","meta":[],"categories":[4],"tags":[],"_links":{"self":[{"href":"https:\/\/www.adeba.com.ar\/en\/wp-json\/wp\/v2\/posts\/770"}],"collection":[{"href":"https:\/\/www.adeba.com.ar\/en\/wp-json\/wp\/v2\/posts"}],"about":[{"href":"https:\/\/www.adeba.com.ar\/en\/wp-json\/wp\/v2\/types\/post"}],"author":[{"embeddable":true,"href":"https:\/\/www.adeba.com.ar\/en\/wp-json\/wp\/v2\/users\/1"}],"replies":[{"embeddable":true,"href":"https:\/\/www.adeba.com.ar\/en\/wp-json\/wp\/v2\/comments?post=770"}],"version-history":[{"count":2,"href":"https:\/\/www.adeba.com.ar\/en\/wp-json\/wp\/v2\/posts\/770\/revisions"}],"predecessor-version":[{"id":1458,"href":"https:\/\/www.adeba.com.ar\/en\/wp-json\/wp\/v2\/posts\/770\/revisions\/1458"}],"wp:featuredmedia":[{"embeddable":true,"href":"https:\/\/www.adeba.com.ar\/en\/wp-json\/wp\/v2\/media\/2031"}],"wp:attachment":[{"href":"https:\/\/www.adeba.com.ar\/en\/wp-json\/wp\/v2\/media?parent=770"}],"wp:term":[{"taxonomy":"category","embeddable":true,"href":"https:\/\/www.adeba.com.ar\/en\/wp-json\/wp\/v2\/categories?post=770"},{"taxonomy":"post_tag","embeddable":true,"href":"https:\/\/www.adeba.com.ar\/en\/wp-json\/wp\/v2\/tags?post=770"}],"curies":[{"name":"wp","href":"https:\/\/api.w.org\/{rel}","templated":true}]}}