{"id":764,"date":"2018-01-30T17:09:55","date_gmt":"2018-01-30T20:09:55","guid":{"rendered":"http:\/\/weappsideas.com\/adeba\/?p=764"},"modified":"2018-01-31T01:24:03","modified_gmt":"2018-01-31T04:24:03","slug":"la-cnv-se-reunio-con-la-mesa-directiva-de-adeba","status":"publish","type":"post","link":"https:\/\/www.adeba.com.ar\/en\/la-cnv-se-reunio-con-la-mesa-directiva-de-adeba\/","title":{"rendered":"La CNV se reuni\u00f3 con la mesa directiva de ADEBA"},"content":{"rendered":"<p style=\"font-weight: 400;\">Las autoridades de ADEBA, encabezada por su presidente Jorge Brito (h), recibieron al presidente de la Comisi\u00f3n Nacional de Valores, Marcos Ayerra, en la sede de la Asociaci\u00f3n de Bancos Argentinos.<\/p>\n<p style=\"font-weight: 400;\">Durante el almuerzo de trabajo, Ayerra repas\u00f3 los temas en los que est\u00e1n trabajando desde la CNV, y se destac\u00f3 la b\u00fasqueda del fortalecimiento del mercado de capitales argentino. Ayerra tambi\u00e9n estuvo acompa\u00f1ado por Patricia Boedo, vicepresidente de la CNV y por Carlos Hourbeigt, director de la misma entidad.<\/p>\n<p style=\"font-weight: 400;\">\u201cEstuvimos conversando para colaborar en la mejora del mercado de capitales argentino y en las nuevas figuras: el agente global de inversiones y los agentes promotores\u201d, declar\u00f3 Jorge Brito, presidente de ADEBA.<\/p>\n<p style=\"font-weight: 400;\">Participaron tambi\u00e9n del encuentro las autoridades de ADEBA: Cristina Ehbrecht, subdirectora ejecutiva de ADEBA, Ra\u00fal Seoane, vicepresidente de ADEBA, Claudio C\u00e1nepa, vicepresidente de ADEBA, Daniel Alonso, vicepresidente de ADEBA, Ricardo Camandone, vicepresidente de ADEBA, Manuel Herrera, secretario de ADEBA, Jos\u00e9 Luis Pardo, tesorero de ADEBA, Jorge Ram\u00edrez, director de ADEBA, Gast\u00f3n Eckelhart, director de ADEBA, Juan Trejo, director de ADEBA, Guillermo Cervi\u00f1o, director de ADEBA y Marcos Prieto, miembro de ADEBA.<\/p>\n","protected":false},"excerpt":{"rendered":"<p>Las autoridades de ADEBA, encabezada por su presidente Jorge Brito (h), recibieron al presidente de la Comisi\u00f3n Nacional de Valores, Marcos Ayerra, en la sede de la Asociaci\u00f3n de Bancos<span class=\"more\"><a class=\"more-link\" href=\"https:\/\/www.adeba.com.ar\/en\/la-cnv-se-reunio-con-la-mesa-directiva-de-adeba\/\">Seguir leyendo <span class=\"meta-nav\">&#8594;<\/span><\/a><\/span><\/p>\n","protected":false},"author":1,"featured_media":977,"comment_status":"closed","ping_status":"open","sticky":false,"template":"","format":"standard","meta":[],"categories":[4],"tags":[],"_links":{"self":[{"href":"https:\/\/www.adeba.com.ar\/en\/wp-json\/wp\/v2\/posts\/764"}],"collection":[{"href":"https:\/\/www.adeba.com.ar\/en\/wp-json\/wp\/v2\/posts"}],"about":[{"href":"https:\/\/www.adeba.com.ar\/en\/wp-json\/wp\/v2\/types\/post"}],"author":[{"embeddable":true,"href":"https:\/\/www.adeba.com.ar\/en\/wp-json\/wp\/v2\/users\/1"}],"replies":[{"embeddable":true,"href":"https:\/\/www.adeba.com.ar\/en\/wp-json\/wp\/v2\/comments?post=764"}],"version-history":[{"count":2,"href":"https:\/\/www.adeba.com.ar\/en\/wp-json\/wp\/v2\/posts\/764\/revisions"}],"predecessor-version":[{"id":978,"href":"https:\/\/www.adeba.com.ar\/en\/wp-json\/wp\/v2\/posts\/764\/revisions\/978"}],"wp:featuredmedia":[{"embeddable":true,"href":"https:\/\/www.adeba.com.ar\/en\/wp-json\/wp\/v2\/media\/977"}],"wp:attachment":[{"href":"https:\/\/www.adeba.com.ar\/en\/wp-json\/wp\/v2\/media?parent=764"}],"wp:term":[{"taxonomy":"category","embeddable":true,"href":"https:\/\/www.adeba.com.ar\/en\/wp-json\/wp\/v2\/categories?post=764"},{"taxonomy":"post_tag","embeddable":true,"href":"https:\/\/www.adeba.com.ar\/en\/wp-json\/wp\/v2\/tags?post=764"}],"curies":[{"name":"wp","href":"https:\/\/api.w.org\/{rel}","templated":true}]}}