{"id":7211,"date":"2019-02-27T17:45:16","date_gmt":"2019-02-27T20:45:16","guid":{"rendered":"https:\/\/www.adeba.com.ar\/?p=7211"},"modified":"2019-02-27T17:45:16","modified_gmt":"2019-02-27T20:45:16","slug":"a-6651","status":"publish","type":"post","link":"https:\/\/www.adeba.com.ar\/en\/a-6651\/","title":{"rendered":"&#8216;A&#8217; 6651"},"content":{"rendered":"<p>En el marco del proceso de reforma tributaria que lleva adelante el Gobierno, el BCRA estableci\u00f3 la fecha de aplicaci\u00f3n de lo dispuesto en los art\u00edculos 5\u00b0 y 7\u00b0, inciso c) de la\u00a0<a href=\"https:\/\/www.normasfinancieras.com\/vsr\/jump.aspx?nm_origen=MailSintesis&#038;entorno=NO&#038;nm_accion=LinkDoc&#038;link=N125700\" target=\"_blank\" rel=\"noopener\" data-saferedirecturl=\"https:\/\/www.google.com\/url?q=https:\/\/www.normasfinancieras.com\/vsr\/jump.aspx?nm_origen%3DMailSintesis%26entorno%3DNO%26nm_accion%3DLinkDoc%26link%3DN125700&#038;source=gmail&#038;ust=1551386589501000&#038;usg=AFQjCNE9DsglJBdFYMfl62K9Ru7_q2CLsg\">Ley 27.468<\/a>\u00a0a fin de esclarecer las\u00a0<strong>pautas que deben seguir las entidades para la reexpresi\u00f3n de sus estados financieros<\/strong>.\u00a0\u00a0En tal sentido, en cumplimiento del mencionado inciso c), se dispuso que la derogaci\u00f3n de todas las normas legales o reglamentarias que establecen o autorizan la indexaci\u00f3n por precios, actualizaci\u00f3n monetaria, variaci\u00f3n de costos o cualquier otra forma de repotenciaci\u00f3n de las deudas, impuestos, precios o tarifas de los bienes, obras o servicios (dispuesta por el art\u00edculo 5\u00b0 de la Ley en cuesti\u00f3n) \u00a0ser\u00e1 de aplicaci\u00f3n para las entidades financieras y casas de cambio sujetas al control del BCRA para los ejercicios econ\u00f3micos que se inicien\u00a0<u>a partir del 01\/01\/2020<\/u>.\u00a0Recordemos que tal derogaci\u00f3n, no comprende a los estados contables, respecto de los cuales continuar\u00e1 siendo de aplicaci\u00f3n lo dispuesto en el art\u00edculo 62\u00a0<em>in fine<\/em>\u00a0de la Ley General de Sociedades.\u00a0Cabe destacar que, por medio de la Ley 27.468 se aprob\u00f3 una serie de cambios a la\u00a0Ley de Impuesto a las Ganancias en lo que respecta al \u00edndice de ajuste por inflaci\u00f3n, tal como la\u00a0actualizaci\u00f3n de los valores a partir de los cuales resulta aplicable el ajuste por inflaci\u00f3n impositivo para\u00a0los ejercicios iniciados a partir del 01\/01\/18. Desde el BCRA anticiparon que oportunamente se dar\u00e1n a conocer las disposiciones complementarias, as\u00ed como las modificaciones correspondientes al Plan de Cuentas y reg\u00edmenes informativos relacionados.<\/p>\n","protected":false},"excerpt":{"rendered":"<p>Circular CONAU 1-1318 Reexpresi\u00f3n de Estados Financieros-Ley 27.468.<\/p>\n","protected":false},"author":1,"featured_media":0,"comment_status":"closed","ping_status":"open","sticky":false,"template":"","format":"standard","meta":[],"categories":[5],"tags":[],"_links":{"self":[{"href":"https:\/\/www.adeba.com.ar\/en\/wp-json\/wp\/v2\/posts\/7211"}],"collection":[{"href":"https:\/\/www.adeba.com.ar\/en\/wp-json\/wp\/v2\/posts"}],"about":[{"href":"https:\/\/www.adeba.com.ar\/en\/wp-json\/wp\/v2\/types\/post"}],"author":[{"embeddable":true,"href":"https:\/\/www.adeba.com.ar\/en\/wp-json\/wp\/v2\/users\/1"}],"replies":[{"embeddable":true,"href":"https:\/\/www.adeba.com.ar\/en\/wp-json\/wp\/v2\/comments?post=7211"}],"version-history":[{"count":1,"href":"https:\/\/www.adeba.com.ar\/en\/wp-json\/wp\/v2\/posts\/7211\/revisions"}],"predecessor-version":[{"id":7212,"href":"https:\/\/www.adeba.com.ar\/en\/wp-json\/wp\/v2\/posts\/7211\/revisions\/7212"}],"wp:attachment":[{"href":"https:\/\/www.adeba.com.ar\/en\/wp-json\/wp\/v2\/media?parent=7211"}],"wp:term":[{"taxonomy":"category","embeddable":true,"href":"https:\/\/www.adeba.com.ar\/en\/wp-json\/wp\/v2\/categories?post=7211"},{"taxonomy":"post_tag","embeddable":true,"href":"https:\/\/www.adeba.com.ar\/en\/wp-json\/wp\/v2\/tags?post=7211"}],"curies":[{"name":"wp","href":"https:\/\/api.w.org\/{rel}","templated":true}]}}