{"id":7197,"date":"2019-02-25T13:23:37","date_gmt":"2019-02-25T16:23:37","guid":{"rendered":"https:\/\/www.adeba.com.ar\/?p=7197"},"modified":"2019-02-25T13:23:37","modified_gmt":"2019-02-25T16:23:37","slug":"neuquen-resolucion-de-la-direccion-provincial-de-rentas-58-2019","status":"publish","type":"post","link":"https:\/\/www.adeba.com.ar\/en\/neuquen-resolucion-de-la-direccion-provincial-de-rentas-58-2019\/","title":{"rendered":"Neuqu\u00e9n Resoluci\u00f3n de la Direcci\u00f3n Provincial de Rentas 58\/2019"},"content":{"rendered":"<p>Ingresos brutos. Micro, peque\u00f1as y medianas empresas. Estabilidad fiscal desde el 1\/1\/2017 hasta el 31\/12\/2019. Reglamentaci\u00f3n.<\/p>\n","protected":false},"excerpt":{"rendered":"<p>Ingresos brutos. Micro, peque\u00f1as y medianas empresas. Estabilidad fiscal desde el 1\/1\/2017 hasta el 31\/12\/2019. Reglamentaci\u00f3n.<\/p>\n","protected":false},"author":1,"featured_media":0,"comment_status":"closed","ping_status":"open","sticky":false,"template":"","format":"standard","meta":[],"categories":[5],"tags":[],"_links":{"self":[{"href":"https:\/\/www.adeba.com.ar\/en\/wp-json\/wp\/v2\/posts\/7197"}],"collection":[{"href":"https:\/\/www.adeba.com.ar\/en\/wp-json\/wp\/v2\/posts"}],"about":[{"href":"https:\/\/www.adeba.com.ar\/en\/wp-json\/wp\/v2\/types\/post"}],"author":[{"embeddable":true,"href":"https:\/\/www.adeba.com.ar\/en\/wp-json\/wp\/v2\/users\/1"}],"replies":[{"embeddable":true,"href":"https:\/\/www.adeba.com.ar\/en\/wp-json\/wp\/v2\/comments?post=7197"}],"version-history":[{"count":1,"href":"https:\/\/www.adeba.com.ar\/en\/wp-json\/wp\/v2\/posts\/7197\/revisions"}],"predecessor-version":[{"id":7198,"href":"https:\/\/www.adeba.com.ar\/en\/wp-json\/wp\/v2\/posts\/7197\/revisions\/7198"}],"wp:attachment":[{"href":"https:\/\/www.adeba.com.ar\/en\/wp-json\/wp\/v2\/media?parent=7197"}],"wp:term":[{"taxonomy":"category","embeddable":true,"href":"https:\/\/www.adeba.com.ar\/en\/wp-json\/wp\/v2\/categories?post=7197"},{"taxonomy":"post_tag","embeddable":true,"href":"https:\/\/www.adeba.com.ar\/en\/wp-json\/wp\/v2\/tags?post=7197"}],"curies":[{"name":"wp","href":"https:\/\/api.w.org\/{rel}","templated":true}]}}