{"id":7195,"date":"2019-02-25T13:22:52","date_gmt":"2019-02-25T16:22:52","guid":{"rendered":"https:\/\/www.adeba.com.ar\/?p=7195"},"modified":"2019-02-25T13:22:52","modified_gmt":"2019-02-25T16:22:52","slug":"decreto-143-2019","status":"publish","type":"post","link":"https:\/\/www.adeba.com.ar\/en\/decreto-143-2019\/","title":{"rendered":"Decreto 143\/2019"},"content":{"rendered":"<p>El Ejecutivo Nacional dispone extender\u00a0<u>un mes m\u00e1s<\/u>\u00a0el\u00a0<strong>plazo para efectuar la opci\u00f3n de reval\u00fao<\/strong>\u00a0fijado por el\u00a0<a href=\"https:\/\/www.normasfinancieras.com\/vsr\/jump.aspx?nm_origen=MailSintesis&#038;entorno=NO&#038;nm_accion=LinkDoc&#038;link=N122660\" target=\"_blank\" rel=\"noopener\" data-saferedirecturl=\"https:\/\/www.google.com\/url?q=https:\/\/www.normasfinancieras.com\/vsr\/jump.aspx?nm_origen%3DMailSintesis%26entorno%3DNO%26nm_accion%3DLinkDoc%26link%3DN122660&#038;source=gmail&#038;ust=1551183652294000&#038;usg=AFQjCNFZSiBzTzMq-VSCner5pREdqppSMg\">Decreto 613\/2018<\/a>. Esto es en el marco del r\u00e9gimen optativo de reval\u00fao impositivo para las personas humanas y sucesiones indivisas que se cre\u00f3 por medio del Cap\u00edtulo I del T\u00edtulo X de la\u00a0<a href=\"https:\/\/www.normasfinancieras.com\/vsr\/jump.aspx?nm_origen=MailSintesis&#038;entorno=NO&#038;nm_accion=LinkDoc&#038;link=N119487\" target=\"_blank\" rel=\"noopener\" data-saferedirecturl=\"https:\/\/www.google.com\/url?q=https:\/\/www.normasfinancieras.com\/vsr\/jump.aspx?nm_origen%3DMailSintesis%26entorno%3DNO%26nm_accion%3DLinkDoc%26link%3DN119487&#038;source=gmail&#038;ust=1551183652294000&#038;usg=AFQjCNEaA3W5dk8ae09__h05ViQ25yLFFg\">Ley\u00a027.430<\/a>.\u00a0Recordemos que, a trav\u00e9s del\u00a0<a href=\"https:\/\/www.normasfinancieras.com\/vsr\/jump.aspx?nm_origen=MailSintesis&#038;entorno=NO&#038;nm_accion=LinkDoc&#038;link=N121435\" target=\"_blank\" rel=\"noopener\" data-saferedirecturl=\"https:\/\/www.google.com\/url?q=https:\/\/www.normasfinancieras.com\/vsr\/jump.aspx?nm_origen%3DMailSintesis%26entorno%3DNO%26nm_accion%3DLinkDoc%26link%3DN121435&#038;source=gmail&#038;ust=1551183652294000&#038;usg=AFQjCNHtbAXZptZCFixpAS5qCcIYCOK69A\">Decreto\u00a0353\/2018<\/a>, se reglamentaron las disposiciones de la ley aludida con el objeto de lograr su correcta aplicaci\u00f3n y que en el art\u00edculo 12 del mencionado decreto se previ\u00f3 que el ejercicio de esa opci\u00f3n podr\u00eda realizarse hasta el \u00faltimo d\u00eda h\u00e1bil del sexto mes calendario inmediato posterior al Per\u00edodo de la Opci\u00f3n. Y posteriormente, a trav\u00e9s del art\u00edculo 1\u00b0 del\u00a0<a href=\"https:\/\/www.normasfinancieras.com\/vsr\/jump.aspx?nm_origen=MailSintesis&#038;entorno=NO&#038;nm_accion=LinkDoc&#038;link=N122660\" target=\"_blank\" rel=\"noopener\" data-saferedirecturl=\"https:\/\/www.google.com\/url?q=https:\/\/www.normasfinancieras.com\/vsr\/jump.aspx?nm_origen%3DMailSintesis%26entorno%3DNO%26nm_accion%3DLinkDoc%26link%3DN122660&#038;source=gmail&#038;ust=1551183652294000&#038;usg=AFQjCNFZSiBzTzMq-VSCner5pREdqppSMg\">Decreto 613\/2018<\/a>, debido a diversas circunstancias que derivaron en una mayor volatilidad de las variables financieras, se extendi\u00f3 ese plazo por seis meses m\u00e1s.\u00a0Dado que contin\u00faan vigentes los motivos que dieron lugar al dictado de dicho decreto, se extiende por el presente,\u00a0el plazo en cuesti\u00f3n\u00a0<u>hasta el d\u00e9cimo tercer mes calendario inmediato posterior al Per\u00edodo de la Opci\u00f3n<\/u>.<\/p>\n","protected":false},"excerpt":{"rendered":"<p>Decreto N\u00ba 353\/2018. Reval\u00fao Impositivo y Contable. Modificaci\u00f3n.<\/p>\n","protected":false},"author":1,"featured_media":0,"comment_status":"closed","ping_status":"open","sticky":false,"template":"","format":"standard","meta":[],"categories":[5],"tags":[],"_links":{"self":[{"href":"https:\/\/www.adeba.com.ar\/en\/wp-json\/wp\/v2\/posts\/7195"}],"collection":[{"href":"https:\/\/www.adeba.com.ar\/en\/wp-json\/wp\/v2\/posts"}],"about":[{"href":"https:\/\/www.adeba.com.ar\/en\/wp-json\/wp\/v2\/types\/post"}],"author":[{"embeddable":true,"href":"https:\/\/www.adeba.com.ar\/en\/wp-json\/wp\/v2\/users\/1"}],"replies":[{"embeddable":true,"href":"https:\/\/www.adeba.com.ar\/en\/wp-json\/wp\/v2\/comments?post=7195"}],"version-history":[{"count":1,"href":"https:\/\/www.adeba.com.ar\/en\/wp-json\/wp\/v2\/posts\/7195\/revisions"}],"predecessor-version":[{"id":7196,"href":"https:\/\/www.adeba.com.ar\/en\/wp-json\/wp\/v2\/posts\/7195\/revisions\/7196"}],"wp:attachment":[{"href":"https:\/\/www.adeba.com.ar\/en\/wp-json\/wp\/v2\/media?parent=7195"}],"wp:term":[{"taxonomy":"category","embeddable":true,"href":"https:\/\/www.adeba.com.ar\/en\/wp-json\/wp\/v2\/categories?post=7195"},{"taxonomy":"post_tag","embeddable":true,"href":"https:\/\/www.adeba.com.ar\/en\/wp-json\/wp\/v2\/tags?post=7195"}],"curies":[{"name":"wp","href":"https:\/\/api.w.org\/{rel}","templated":true}]}}