{"id":7189,"date":"2019-02-25T13:12:05","date_gmt":"2019-02-25T16:12:05","guid":{"rendered":"https:\/\/www.adeba.com.ar\/?p=7189"},"modified":"2019-02-25T13:12:05","modified_gmt":"2019-02-25T16:12:05","slug":"resolucion-de-la-superintendencia-de-servicios-de-salud-4-2019","status":"publish","type":"post","link":"https:\/\/www.adeba.com.ar\/en\/resolucion-de-la-superintendencia-de-servicios-de-salud-4-2019\/","title":{"rendered":"Resoluci\u00f3n de la Superintendencia de Servicios de Salud 4\/2019"},"content":{"rendered":"<p>Con aplicaci\u00f3n\u00a0<u>desde el 01\/03\/19<\/u>, la Secretar\u00eda Social de la Salud establece el\u00a0<strong>valor de la movilidad prevista en el art\u00edculo 32 de la Ley 24.241 para jubilados, pensionados y beneficiarios de la Asignaci\u00f3n Universal por Hijo (AUH)\u00a0<\/strong>correspondiente a marzo\/19 y fija el mismo en el\u00a0<u>11,83%<\/u>. Adem\u00e1s, se aprueban los \u00edndices de actualizaci\u00f3n de las remuneraciones mensuales percibidas por los trabajadores en relaci\u00f3n de dependencia que cesen\u00a0<u>desde el 28\/02\/19<\/u>\u00a0o soliciten su beneficio desde el 01\/03\/19, seg\u00fan lo establecido en el art\u00edculo 2 de la\u00a0<a href=\"https:\/\/www.normasfinancieras.com\/vsr\/jump.aspx?nm_origen=MailSintesis&#038;entorno=NO&#038;nm_accion=LinkDoc&#038;link=N71878\" target=\"_blank\" rel=\"noopener\" data-saferedirecturl=\"https:\/\/www.google.com\/url?q=https:\/\/www.normasfinancieras.com\/vsr\/jump.aspx?nm_origen%3DMailSintesis%26entorno%3DNO%26nm_accion%3DLinkDoc%26link%3DN71878&#038;source=gmail&#038;ust=1551183653521000&#038;usg=AFQjCNGfnbjYnNuPHZ70xz4egidoyGT2Sw\">Ley 26417<\/a>.\u00a0La presente medida se toma en cuenta teniendo en cuenta las variaciones del Nivel General del \u00cdndice de Precios al Consumidor Nacional elaborado por el Instituto Nacional de Estad\u00edstica y Censos (INDEC) y el coeficiente que surje de la variaci\u00f3n de la Remuneraci\u00f3n Imponible Promedio de los Trabajadores Estables (RIPTE), conforme la f\u00f3rmula que obra en el\u00a0Anexo I de la\u00a0<a href=\"https:\/\/www.normasfinancieras.com\/vsr\/jump.aspx?nm_origen=MailSintesis&#038;entorno=NO&#038;nm_accion=LinkDoc&#038;link=N71878\" target=\"_blank\" rel=\"noopener\" data-saferedirecturl=\"https:\/\/www.google.com\/url?q=https:\/\/www.normasfinancieras.com\/vsr\/jump.aspx?nm_origen%3DMailSintesis%26entorno%3DNO%26nm_accion%3DLinkDoc%26link%3DN71878&#038;source=gmail&#038;ust=1551183653521000&#038;usg=AFQjCNGfnbjYnNuPHZ70xz4egidoyGT2Sw\">Ley 26417<\/a><span class=\"m_-8196970025361372211s3\">.\u00a0Esta actualizaci\u00f3n se aplica trimestralmente en los meses de marzo, junio, septiembre y diciembre de cada a\u00f1o calendario. Cabe recordar que, en ning\u00fan caso, la aplicaci\u00f3n de dicho \u00edndice podr\u00e1 producir la disminuci\u00f3n del haber que percibe el beneficiario.<\/span><\/p>\n","protected":false},"excerpt":{"rendered":"<p>Valor de la movilidad prevista en el art\u00edculo 32 de la Ley N\u00ba 24.241 y sus modificatorias. Marzo 2019.<\/p>\n","protected":false},"author":1,"featured_media":0,"comment_status":"closed","ping_status":"open","sticky":false,"template":"","format":"standard","meta":[],"categories":[5],"tags":[],"_links":{"self":[{"href":"https:\/\/www.adeba.com.ar\/en\/wp-json\/wp\/v2\/posts\/7189"}],"collection":[{"href":"https:\/\/www.adeba.com.ar\/en\/wp-json\/wp\/v2\/posts"}],"about":[{"href":"https:\/\/www.adeba.com.ar\/en\/wp-json\/wp\/v2\/types\/post"}],"author":[{"embeddable":true,"href":"https:\/\/www.adeba.com.ar\/en\/wp-json\/wp\/v2\/users\/1"}],"replies":[{"embeddable":true,"href":"https:\/\/www.adeba.com.ar\/en\/wp-json\/wp\/v2\/comments?post=7189"}],"version-history":[{"count":1,"href":"https:\/\/www.adeba.com.ar\/en\/wp-json\/wp\/v2\/posts\/7189\/revisions"}],"predecessor-version":[{"id":7190,"href":"https:\/\/www.adeba.com.ar\/en\/wp-json\/wp\/v2\/posts\/7189\/revisions\/7190"}],"wp:attachment":[{"href":"https:\/\/www.adeba.com.ar\/en\/wp-json\/wp\/v2\/media?parent=7189"}],"wp:term":[{"taxonomy":"category","embeddable":true,"href":"https:\/\/www.adeba.com.ar\/en\/wp-json\/wp\/v2\/categories?post=7189"},{"taxonomy":"post_tag","embeddable":true,"href":"https:\/\/www.adeba.com.ar\/en\/wp-json\/wp\/v2\/tags?post=7189"}],"curies":[{"name":"wp","href":"https:\/\/api.w.org\/{rel}","templated":true}]}}