{"id":7064,"date":"2019-02-08T16:27:23","date_gmt":"2019-02-08T19:27:23","guid":{"rendered":"https:\/\/www.adeba.com.ar\/?p=7064"},"modified":"2019-02-08T16:27:23","modified_gmt":"2019-02-08T19:27:23","slug":"decreto-110-2019","status":"publish","type":"post","link":"https:\/\/www.adeba.com.ar\/en\/decreto-110-2019\/","title":{"rendered":"Decreto 110\/2019"},"content":{"rendered":"<p>Por el presente decreto,\u00a0<strong>se designa en comisi\u00f3n como Director del BCRA al Contador P\u00fablico Marcelo Alejandro Castro<\/strong>. El flamante funcionario reemplaza a\u00a0Pablo Curat, quien tras m\u00e1s de 3 a\u00f1os en el cargo present\u00f3 su renuncia a partir del 15 de febrero\/19 por &#8216;motivos personales&#8217;.\u00a0Castro es graduado de la Universidad Cat\u00f3lica Argentina (UCA), tiene m\u00e1s de 3 d\u00e9cadas de experiencia en el sistema financiero local e internacional, con cargos de relevancia tanto en el pa\u00eds como en otros pa\u00edses en el Grupo Santander y en Abbey National Treasury.<\/p>\n","protected":false},"excerpt":{"rendered":"<p>Banco Central de la Rep\u00fablica Argentina. Designaci\u00f3n.<\/p>\n","protected":false},"author":1,"featured_media":0,"comment_status":"closed","ping_status":"open","sticky":false,"template":"","format":"standard","meta":[],"categories":[5],"tags":[],"_links":{"self":[{"href":"https:\/\/www.adeba.com.ar\/en\/wp-json\/wp\/v2\/posts\/7064"}],"collection":[{"href":"https:\/\/www.adeba.com.ar\/en\/wp-json\/wp\/v2\/posts"}],"about":[{"href":"https:\/\/www.adeba.com.ar\/en\/wp-json\/wp\/v2\/types\/post"}],"author":[{"embeddable":true,"href":"https:\/\/www.adeba.com.ar\/en\/wp-json\/wp\/v2\/users\/1"}],"replies":[{"embeddable":true,"href":"https:\/\/www.adeba.com.ar\/en\/wp-json\/wp\/v2\/comments?post=7064"}],"version-history":[{"count":1,"href":"https:\/\/www.adeba.com.ar\/en\/wp-json\/wp\/v2\/posts\/7064\/revisions"}],"predecessor-version":[{"id":7065,"href":"https:\/\/www.adeba.com.ar\/en\/wp-json\/wp\/v2\/posts\/7064\/revisions\/7065"}],"wp:attachment":[{"href":"https:\/\/www.adeba.com.ar\/en\/wp-json\/wp\/v2\/media?parent=7064"}],"wp:term":[{"taxonomy":"category","embeddable":true,"href":"https:\/\/www.adeba.com.ar\/en\/wp-json\/wp\/v2\/categories?post=7064"},{"taxonomy":"post_tag","embeddable":true,"href":"https:\/\/www.adeba.com.ar\/en\/wp-json\/wp\/v2\/tags?post=7064"}],"curies":[{"name":"wp","href":"https:\/\/api.w.org\/{rel}","templated":true}]}}