{"id":7048,"date":"2019-02-06T14:27:56","date_gmt":"2019-02-06T17:27:56","guid":{"rendered":"https:\/\/www.adeba.com.ar\/?p=7048"},"modified":"2019-02-07T14:28:33","modified_gmt":"2019-02-07T17:28:33","slug":"resolucion-general-de-la-comision-nacional-de-valores-782","status":"publish","type":"post","link":"https:\/\/www.adeba.com.ar\/en\/resolucion-general-de-la-comision-nacional-de-valores-782\/","title":{"rendered":"Resoluci\u00f3n General de la Comisi\u00f3n Nacional de Valores 782"},"content":{"rendered":"<table style=\"font-weight: 400;\" width=\"100%\">\n<tbody>\n<tr>\n<td>En diciembre pasado, a trav\u00e9s de la\u00a0<a href=\"https:\/\/www.normasfinancieras.com\/vsr\/jump.aspx?nm_origen=MailSintesis&#038;entorno=NO&#038;nm_accion=LinkDoc&#038;link=N126240\" data-saferedirecturl=\"https:\/\/www.google.com\/url?q=https:\/\/www.normasfinancieras.com\/vsr\/jump.aspx?nm_origen%3DMailSintesis%26entorno%3DNO%26nm_accion%3DLinkDoc%26link%3DN126240&#038;source=gmail&#038;ust=1549644431814000&#038;usg=AFQjCNEp0BS5RYKeKeoSknIZv6n_hGq1yA\">Resoluci\u00f3n General CNV\u00a0777<\/a>, se dispuso que los estados financieros sean presentados en moneda homog\u00e9nea a partir del cierre al 31\/12\/18. Tras ello, se recibieron presentaciones por medio de las cuales se solicit\u00f3 un plazo adicional para cumplir con la presentaci\u00f3n de los estados financieros para los per\u00edodos contables intermedios que finalicen el 31\/12\/2018, debido a la complejidad que implica la implementaci\u00f3n del ajuste por inflaci\u00f3n de los estados financieros.\u00a0En funci\u00f3n de ello, por la presente, y\u00a0<strong>con car\u00e1cter excepcional, se prorroga\u00a0<u>hasta el 6\/3\/19<\/u>\u00a0el plazo de presentaci\u00f3n de los estados financieros correspondientes a los per\u00edodos intermedios cerrados al 31\/12\/18<\/strong>.\u00a0Vale aclarar que esta medida\u00a0<u>no resulta aplicable<\/u>\u00a0a los sujetos comprendidos en los art\u00edculos 2\u00ba y 3\u00b0 de la Secci\u00f3n I (Disposiciones generales) del Cap\u00edtulo I del T\u00edtulo IV (R\u00e9gimen Informativo Peri\u00f3dico) de estas Normas de la CNV, es decir, a las entidades emisoras incluidas en la Ley de Entidades Financieras\u00a0y\u00a0las compa\u00f1\u00edas de seguros (art. 2\u00b0) y las cooperativas y las asociaciones mutuales (art. 1\u00b0).<\/td>\n<\/tr>\n<\/tbody>\n<\/table>\n<p>&nbsp;<\/p>\n","protected":false},"excerpt":{"rendered":"<p>Pr\u00f3rroga del plazo de presentaci\u00f3n de los estados financieros.<\/p>\n","protected":false},"author":1,"featured_media":0,"comment_status":"closed","ping_status":"open","sticky":false,"template":"","format":"standard","meta":[],"categories":[5],"tags":[],"_links":{"self":[{"href":"https:\/\/www.adeba.com.ar\/en\/wp-json\/wp\/v2\/posts\/7048"}],"collection":[{"href":"https:\/\/www.adeba.com.ar\/en\/wp-json\/wp\/v2\/posts"}],"about":[{"href":"https:\/\/www.adeba.com.ar\/en\/wp-json\/wp\/v2\/types\/post"}],"author":[{"embeddable":true,"href":"https:\/\/www.adeba.com.ar\/en\/wp-json\/wp\/v2\/users\/1"}],"replies":[{"embeddable":true,"href":"https:\/\/www.adeba.com.ar\/en\/wp-json\/wp\/v2\/comments?post=7048"}],"version-history":[{"count":1,"href":"https:\/\/www.adeba.com.ar\/en\/wp-json\/wp\/v2\/posts\/7048\/revisions"}],"predecessor-version":[{"id":7049,"href":"https:\/\/www.adeba.com.ar\/en\/wp-json\/wp\/v2\/posts\/7048\/revisions\/7049"}],"wp:attachment":[{"href":"https:\/\/www.adeba.com.ar\/en\/wp-json\/wp\/v2\/media?parent=7048"}],"wp:term":[{"taxonomy":"category","embeddable":true,"href":"https:\/\/www.adeba.com.ar\/en\/wp-json\/wp\/v2\/categories?post=7048"},{"taxonomy":"post_tag","embeddable":true,"href":"https:\/\/www.adeba.com.ar\/en\/wp-json\/wp\/v2\/tags?post=7048"}],"curies":[{"name":"wp","href":"https:\/\/api.w.org\/{rel}","templated":true}]}}