{"id":7046,"date":"2019-02-06T14:26:54","date_gmt":"2019-02-06T17:26:54","guid":{"rendered":"https:\/\/www.adeba.com.ar\/?p=7046"},"modified":"2019-02-07T14:27:29","modified_gmt":"2019-02-07T17:27:29","slug":"b-11805","status":"publish","type":"post","link":"https:\/\/www.adeba.com.ar\/en\/b-11805\/","title":{"rendered":"&#8216;B&#8217; 11805"},"content":{"rendered":"<table style=\"font-weight: 400;\" width=\"100%\">\n<tbody>\n<tr>\n<td>Por la presente, se realizan\u00a0<strong>aclaraciones en relaci\u00f3n a la implementaci\u00f3n de la actualizaci\u00f3n tecnol\u00f3gica de los procedimientos de gesti\u00f3n de certificados personales y del Certificado del BCRA<\/strong>, que utiliza el sistema de mensajer\u00eda y transferencia de archivos entre las entidades y el BCRA (IDEAR).\u00a0Seg\u00fan se detalla, el nuevo sistema utiliza certificados personales gestionados desde la p\u00e1gina web del aplicativo IDEAR.\u00a0En cuanto al cifrado y firma de archivos mediante firma electr\u00f3nica, se realizar\u00e1 mediante los nuevos certificados manteni\u00e9ndose el esquema actual de autenticaci\u00f3n para el personal de las entidades financieras que realizan el env\u00edo y descarga de archivos.\u00a0Se aclara que la fecha de implementaci\u00f3n productiva ser\u00e1 el\u00a0<u>25\/02\/19<\/u>, a partir de la cual no s\u00f3lo quedar\u00e1 sin efecto la\u00a0<a href=\"https:\/\/www.normasfinancieras.com\/vsr\/jump.aspx?nm_origen=MailSintesis&#038;entorno=NO&#038;nm_accion=LinkDoc&#038;link=N83770\" data-saferedirecturl=\"https:\/\/www.google.com\/url?q=https:\/\/www.normasfinancieras.com\/vsr\/jump.aspx?nm_origen%3DMailSintesis%26entorno%3DNO%26nm_accion%3DLinkDoc%26link%3DN83770&#038;source=gmail&#038;ust=1549644431814000&#038;usg=AFQjCNGM9_s8dePorPLrfo0GnuZ_0X_Dgw\">Comunicaci\u00f3n &#8216;B&#8217; 10113<\/a>, sino que tambi\u00e9n quedar\u00e1 desafectada la gesti\u00f3n actual de certificados emitidos por BCRA; el uso del dispositivo de tipo token USB para encripci\u00f3n\/desencripci\u00f3n de archivos; y la utilizaci\u00f3n de equipos con plataforma Windows XP para operar en IDEAR.\u00a0Vale decir que\u00a0<u>hasta el 22\/02\/19<\/u>\u00a0inclusive estar\u00e1n disponibles para su descarga los archivos haciendo uso de la plataforma actual de certificados; mientras que desde el 25\/02\/19 los usuarios s\u00f3lo tendr\u00e1n disponibles para su descarga los archivos enviados el 22\/02\/19. Por ello, deber\u00e1n tener instalado y configurado en los equipos que operar\u00e1n con IDEAR el\u00a0<strong>aplicativo Encriptor BCRA para el ambiente productivo<\/strong>\u00a0(ya disponible para bajar); y solicitar los certificados personales para el ambiente productivo para poder comenzar a operar en el sistema.<\/td>\n<\/tr>\n<\/tbody>\n<\/table>\n<p>&nbsp;<\/p>\n","protected":false},"excerpt":{"rendered":"<p>Esquema institucional de Mensajer\u00eda y Transferencia de Archivos.<\/p>\n","protected":false},"author":1,"featured_media":0,"comment_status":"closed","ping_status":"open","sticky":false,"template":"","format":"standard","meta":[],"categories":[5],"tags":[],"_links":{"self":[{"href":"https:\/\/www.adeba.com.ar\/en\/wp-json\/wp\/v2\/posts\/7046"}],"collection":[{"href":"https:\/\/www.adeba.com.ar\/en\/wp-json\/wp\/v2\/posts"}],"about":[{"href":"https:\/\/www.adeba.com.ar\/en\/wp-json\/wp\/v2\/types\/post"}],"author":[{"embeddable":true,"href":"https:\/\/www.adeba.com.ar\/en\/wp-json\/wp\/v2\/users\/1"}],"replies":[{"embeddable":true,"href":"https:\/\/www.adeba.com.ar\/en\/wp-json\/wp\/v2\/comments?post=7046"}],"version-history":[{"count":1,"href":"https:\/\/www.adeba.com.ar\/en\/wp-json\/wp\/v2\/posts\/7046\/revisions"}],"predecessor-version":[{"id":7047,"href":"https:\/\/www.adeba.com.ar\/en\/wp-json\/wp\/v2\/posts\/7046\/revisions\/7047"}],"wp:attachment":[{"href":"https:\/\/www.adeba.com.ar\/en\/wp-json\/wp\/v2\/media?parent=7046"}],"wp:term":[{"taxonomy":"category","embeddable":true,"href":"https:\/\/www.adeba.com.ar\/en\/wp-json\/wp\/v2\/categories?post=7046"},{"taxonomy":"post_tag","embeddable":true,"href":"https:\/\/www.adeba.com.ar\/en\/wp-json\/wp\/v2\/tags?post=7046"}],"curies":[{"name":"wp","href":"https:\/\/api.w.org\/{rel}","templated":true}]}}