{"id":46963,"date":"2026-08-31T19:16:29","date_gmt":"2026-08-31T22:16:29","guid":{"rendered":"https:\/\/www.adeba.com.ar\/?p=46963"},"modified":"2026-08-31T19:16:30","modified_gmt":"2026-08-31T22:16:30","slug":"resolucion-del-instituto-nacional-de-asociativismo-y-economia-social-1687-2026","status":"publish","type":"post","link":"https:\/\/www.adeba.com.ar\/en\/resolucion-del-instituto-nacional-de-asociativismo-y-economia-social-1687-2026\/","title":{"rendered":"Resoluci\u00f3n del Instituto Nacional de Asociativismo y Econom\u00eda Social 1687\/2026"},"content":{"rendered":"\n<figure class=\"wp-block-table\"><table><tbody><tr><td><a href=\"https:\/\/www.normasfinancieras.com\/normas?link=eyJpZE5vcm0iOiIxNjYzMzYiLCJhY2Npb24iOiJMaW5rRG9jIiwib3JpZ2VuIjoiTWFpbFNpbnRlc2lzIn0=\"><strong>Mutuales con reglamento de servicio de gesti\u00f3n de pr\u00e9stamos aprobado. Presentaci\u00f3n de la totalidad de la documentaci\u00f3n exigida por la normativa vigente<\/strong><\/a><\/td><\/tr><tr><td>El directorio del Instituto Nacional de Asociativismo y Econom\u00eda Social dispone que las mutuales con reglamento de servicio de gesti\u00f3n de pr\u00e9stamos que hayan incumplido con la totalidad de la remisi\u00f3n electr\u00f3nica de la informaci\u00f3n exigida, deber\u00e1n presentarla en el plazo de <strong>30 d\u00edas corridos <\/strong>contados a partir de la entrada en vigencia de la presente resoluci\u00f3n, bajo apercibimiento de declararse la caducidad de los actos administrativos mediante los cuales se aprobaron sus respectivos reglamentos del servicio de gesti\u00f3n de pr\u00e9stamos.<\/td><\/tr><\/tbody><\/table><\/figure>\n","protected":false},"excerpt":{"rendered":"<p>Mutuales con reglamento de servicio de gesti\u00f3n de pr\u00e9stamos aprobado. Presentaci\u00f3n de la totalidad de la documentaci\u00f3n exigida por la normativa vigente El directorio del Instituto Nacional de Asociativismo y<span class=\"more\"><a class=\"more-link\" href=\"https:\/\/www.adeba.com.ar\/en\/resolucion-del-instituto-nacional-de-asociativismo-y-economia-social-1687-2026\/\">Seguir leyendo <span class=\"meta-nav\">&#8594;<\/span><\/a><\/span><\/p>\n","protected":false},"author":1,"featured_media":0,"comment_status":"closed","ping_status":"open","sticky":false,"template":"","format":"standard","meta":[],"categories":[5],"tags":[],"_links":{"self":[{"href":"https:\/\/www.adeba.com.ar\/en\/wp-json\/wp\/v2\/posts\/46963"}],"collection":[{"href":"https:\/\/www.adeba.com.ar\/en\/wp-json\/wp\/v2\/posts"}],"about":[{"href":"https:\/\/www.adeba.com.ar\/en\/wp-json\/wp\/v2\/types\/post"}],"author":[{"embeddable":true,"href":"https:\/\/www.adeba.com.ar\/en\/wp-json\/wp\/v2\/users\/1"}],"replies":[{"embeddable":true,"href":"https:\/\/www.adeba.com.ar\/en\/wp-json\/wp\/v2\/comments?post=46963"}],"version-history":[{"count":1,"href":"https:\/\/www.adeba.com.ar\/en\/wp-json\/wp\/v2\/posts\/46963\/revisions"}],"predecessor-version":[{"id":46964,"href":"https:\/\/www.adeba.com.ar\/en\/wp-json\/wp\/v2\/posts\/46963\/revisions\/46964"}],"wp:attachment":[{"href":"https:\/\/www.adeba.com.ar\/en\/wp-json\/wp\/v2\/media?parent=46963"}],"wp:term":[{"taxonomy":"category","embeddable":true,"href":"https:\/\/www.adeba.com.ar\/en\/wp-json\/wp\/v2\/categories?post=46963"},{"taxonomy":"post_tag","embeddable":true,"href":"https:\/\/www.adeba.com.ar\/en\/wp-json\/wp\/v2\/tags?post=46963"}],"curies":[{"name":"wp","href":"https:\/\/api.w.org\/{rel}","templated":true}]}}