{"id":44990,"date":"2026-02-26T11:30:20","date_gmt":"2026-02-26T14:30:20","guid":{"rendered":"https:\/\/www.adeba.com.ar\/?p=44990"},"modified":"2026-03-09T11:30:35","modified_gmt":"2026-03-09T14:30:35","slug":"resolucion-general-de-la-comision-nacional-de-valores-1112","status":"publish","type":"post","link":"https:\/\/www.adeba.com.ar\/en\/resolucion-general-de-la-comision-nacional-de-valores-1112\/","title":{"rendered":"Resoluci\u00f3n General de la Comisi\u00f3n Nacional de Valores 1112"},"content":{"rendered":"\n<figure class=\"wp-block-table\"><table><tbody><tr><td><a href=\"https:\/\/www.normasfinancieras.com\/normas?link=eyJpZE5vcm0iOiIxNjQ4MTUiLCJhY2Npb24iOiJMaW5rRG9jIiwib3JpZ2VuIjoiTWFpbFNpbnRlc2lzIn0=\"><strong>Modificaci\u00f3n Cap\u00edtulos I y II del T\u00edtulo XVI de las Normas (N.T. 2013 y mod.)<\/strong><\/a><\/td><\/tr><tr><td>En l\u00ednea con su proceso de desregulaci\u00f3n y simplificaci\u00f3n, la CNV aprob\u00f3 una<strong> modificaci\u00f3n integral de las Disposiciones Generales <\/strong>de sus normas. La reforma moderniza y ordena procedimientos, actualiza tr\u00e1mites gestionados por TAD, uniforma terminolog\u00eda, elimina requisitos obsoletos (como el uso del fax) e incorpora precisiones operativas.<br><br>Asimismo, ampl\u00eda los medios de notificaci\u00f3n al deudor cedido y consolida la delegaci\u00f3n de facultades t\u00e9cnicas en las Gerencias para agilizar la gesti\u00f3n. La medida se enmarca en criterios de mejora regulatoria, con el objetivo de reducir cargas administrativas, brindar mayor claridad y fortalecer la seguridad jur\u00eddica sin afectar la transparencia ni la protecci\u00f3n al inversor.<\/td><\/tr><\/tbody><\/table><\/figure>\n","protected":false},"excerpt":{"rendered":"<p>Modificaci\u00f3n Cap\u00edtulos I y II del T\u00edtulo XVI de las Normas (N.T. 2013 y mod.) En l\u00ednea con su proceso de desregulaci\u00f3n y simplificaci\u00f3n, la CNV aprob\u00f3 una modificaci\u00f3n integral<span class=\"more\"><a class=\"more-link\" href=\"https:\/\/www.adeba.com.ar\/en\/resolucion-general-de-la-comision-nacional-de-valores-1112\/\">Seguir leyendo <span class=\"meta-nav\">&#8594;<\/span><\/a><\/span><\/p>\n","protected":false},"author":1,"featured_media":0,"comment_status":"closed","ping_status":"open","sticky":false,"template":"","format":"standard","meta":[],"categories":[5],"tags":[],"_links":{"self":[{"href":"https:\/\/www.adeba.com.ar\/en\/wp-json\/wp\/v2\/posts\/44990"}],"collection":[{"href":"https:\/\/www.adeba.com.ar\/en\/wp-json\/wp\/v2\/posts"}],"about":[{"href":"https:\/\/www.adeba.com.ar\/en\/wp-json\/wp\/v2\/types\/post"}],"author":[{"embeddable":true,"href":"https:\/\/www.adeba.com.ar\/en\/wp-json\/wp\/v2\/users\/1"}],"replies":[{"embeddable":true,"href":"https:\/\/www.adeba.com.ar\/en\/wp-json\/wp\/v2\/comments?post=44990"}],"version-history":[{"count":1,"href":"https:\/\/www.adeba.com.ar\/en\/wp-json\/wp\/v2\/posts\/44990\/revisions"}],"predecessor-version":[{"id":44991,"href":"https:\/\/www.adeba.com.ar\/en\/wp-json\/wp\/v2\/posts\/44990\/revisions\/44991"}],"wp:attachment":[{"href":"https:\/\/www.adeba.com.ar\/en\/wp-json\/wp\/v2\/media?parent=44990"}],"wp:term":[{"taxonomy":"category","embeddable":true,"href":"https:\/\/www.adeba.com.ar\/en\/wp-json\/wp\/v2\/categories?post=44990"},{"taxonomy":"post_tag","embeddable":true,"href":"https:\/\/www.adeba.com.ar\/en\/wp-json\/wp\/v2\/tags?post=44990"}],"curies":[{"name":"wp","href":"https:\/\/api.w.org\/{rel}","templated":true}]}}