{"id":44515,"date":"2026-01-15T11:39:39","date_gmt":"2026-01-15T14:39:39","guid":{"rendered":"https:\/\/www.adeba.com.ar\/?p=44515"},"modified":"2026-01-21T11:39:53","modified_gmt":"2026-01-21T14:39:53","slug":"buenos-aires-decreto-provincial-6-2026","status":"publish","type":"post","link":"https:\/\/www.adeba.com.ar\/en\/buenos-aires-decreto-provincial-6-2026\/","title":{"rendered":"Buenos Aires Decreto Provincial 6\/2026"},"content":{"rendered":"\n<p>En toda la documentaci\u00f3n oficial de la Administraci\u00f3n P\u00fablica Provincial, centralizada y descentralizada, as\u00ed como de los entes aut\u00e1rquicos dependientes de la misma, deber\u00e1 consignarse la leyenda &#8216;2026 &#8211; A\u00f1o de los Derechos Humanos por la Memoria&#8230;<\/p>\n","protected":false},"excerpt":{"rendered":"<p>En toda la documentaci\u00f3n oficial de la Administraci\u00f3n P\u00fablica Provincial, centralizada y descentralizada, as\u00ed como de los entes aut\u00e1rquicos dependientes de la misma, deber\u00e1 consignarse la leyenda &#8216;2026 &#8211; A\u00f1o<span class=\"more\"><a class=\"more-link\" href=\"https:\/\/www.adeba.com.ar\/en\/buenos-aires-decreto-provincial-6-2026\/\">Seguir leyendo <span class=\"meta-nav\">&#8594;<\/span><\/a><\/span><\/p>\n","protected":false},"author":1,"featured_media":0,"comment_status":"closed","ping_status":"open","sticky":false,"template":"","format":"standard","meta":[],"categories":[5],"tags":[],"_links":{"self":[{"href":"https:\/\/www.adeba.com.ar\/en\/wp-json\/wp\/v2\/posts\/44515"}],"collection":[{"href":"https:\/\/www.adeba.com.ar\/en\/wp-json\/wp\/v2\/posts"}],"about":[{"href":"https:\/\/www.adeba.com.ar\/en\/wp-json\/wp\/v2\/types\/post"}],"author":[{"embeddable":true,"href":"https:\/\/www.adeba.com.ar\/en\/wp-json\/wp\/v2\/users\/1"}],"replies":[{"embeddable":true,"href":"https:\/\/www.adeba.com.ar\/en\/wp-json\/wp\/v2\/comments?post=44515"}],"version-history":[{"count":1,"href":"https:\/\/www.adeba.com.ar\/en\/wp-json\/wp\/v2\/posts\/44515\/revisions"}],"predecessor-version":[{"id":44516,"href":"https:\/\/www.adeba.com.ar\/en\/wp-json\/wp\/v2\/posts\/44515\/revisions\/44516"}],"wp:attachment":[{"href":"https:\/\/www.adeba.com.ar\/en\/wp-json\/wp\/v2\/media?parent=44515"}],"wp:term":[{"taxonomy":"category","embeddable":true,"href":"https:\/\/www.adeba.com.ar\/en\/wp-json\/wp\/v2\/categories?post=44515"},{"taxonomy":"post_tag","embeddable":true,"href":"https:\/\/www.adeba.com.ar\/en\/wp-json\/wp\/v2\/tags?post=44515"}],"curies":[{"name":"wp","href":"https:\/\/api.w.org\/{rel}","templated":true}]}}