{"id":43913,"date":"2025-12-02T12:17:10","date_gmt":"2025-12-02T15:17:10","guid":{"rendered":"https:\/\/www.adeba.com.ar\/?p=43913"},"modified":"2025-12-02T12:17:11","modified_gmt":"2025-12-02T15:17:11","slug":"a-8355","status":"publish","type":"post","link":"https:\/\/www.adeba.com.ar\/en\/a-8355\/","title":{"rendered":"A&#8217; 8355"},"content":{"rendered":"\n<figure class=\"wp-block-table\"><table><tbody><tr><td><a href=\"https:\/\/www.normasfinancieras.com\/normas?link=eyJpZE5vcm0iOiIxNjQwMDIiLCJhY2Npb24iOiJMaW5rRG9jIiwib3JpZ2VuIjoiTWFpbFNpbnRlc2lzIn0=\"><strong>Circular REMON 1-1145: Efectivo M\u00ednimo. Adecuaciones.<\/strong><\/a><\/td><\/tr><tr><td>El Banco Central implementa nuevos <strong>cambios en la regulaci\u00f3n de Efectivo M\u00ednimo<\/strong>, entre los que resaltan:<br><br>Con vigencia a partir del 1\u00ba de diciembre:<br>1- <strong>Dejan sin efecto la exigencia adicional de 3,5 puntos<\/strong> porcentuales dispuesta por el punto 1 de la comunicaci\u00f3n &#8216;A&#8217; 8306 para los conceptos detallados.<br>2- <strong>Incrementan <\/strong>para las obligaciones en pesos mencionadas en el punto anterior <strong>la posibilidad de integrar hasta 3,5 puntos porcentuales de la exigencia con los t\u00edtulos p\u00fablicos<\/strong>.<br>3- El <strong>piso de cumplimiento diario de la integraci\u00f3n m\u00ednima diaria <\/strong>dispuesta por el punto 2. de la comunicaci\u00f3n &#8216;A&#8217; 8350 no podr\u00e1 ser inferior al <strong>75%<\/strong>. Recordemos que actualmente es del 95%.<br><br>Por otra parte, establecen que para la proporci\u00f3n de <strong>integraci\u00f3n con t\u00edtulos p\u00fablicos<\/strong> en pesos que se admite para todas las entidades financieras en el \u00faltimo p\u00e1rrafo del punto 4 de la comunicaci\u00f3n &#8216;A&#8217; 8302 tambi\u00e9n se podr\u00e1n aplicar los t\u00edtulos p\u00fablicos previstos en el punto 1.3.17. adquiridos por suscripci\u00f3n primaria a partir de la fecha de esta comunicaci\u00f3n y que tengan plazo al momento de suscripci\u00f3n no menor a 60 d\u00edas.<br><br>Por \u00faltimo, <strong>extienden hasta el 31 de marzo de 2026 la exigencia adicional de 5 puntos porcentuales<\/strong> dispuesta en el primer p\u00e1rrafo del punto 4. de la comunicaci\u00f3n &#8216;A&#8217; 8302, aplicable a las entidades financieras del grupo A y sucursales o subsidiarias de G-SIB no incluidas en ese grupo.&nbsp; Aclaran que esta extensi\u00f3n no afectar\u00e1 el c\u00e1lculo de las exigencias promedio y m\u00ednima diaria de noviembre.<\/td><\/tr><\/tbody><\/table><\/figure>\n","protected":false},"excerpt":{"rendered":"<p>Circular REMON 1-1145: Efectivo M\u00ednimo. Adecuaciones. El Banco Central implementa nuevos cambios en la regulaci\u00f3n de Efectivo M\u00ednimo, entre los que resaltan: Con vigencia a partir del 1\u00ba de diciembre:1-<span class=\"more\"><a class=\"more-link\" href=\"https:\/\/www.adeba.com.ar\/en\/a-8355\/\">Seguir leyendo <span class=\"meta-nav\">&#8594;<\/span><\/a><\/span><\/p>\n","protected":false},"author":1,"featured_media":0,"comment_status":"closed","ping_status":"open","sticky":false,"template":"","format":"standard","meta":[],"categories":[5],"tags":[],"_links":{"self":[{"href":"https:\/\/www.adeba.com.ar\/en\/wp-json\/wp\/v2\/posts\/43913"}],"collection":[{"href":"https:\/\/www.adeba.com.ar\/en\/wp-json\/wp\/v2\/posts"}],"about":[{"href":"https:\/\/www.adeba.com.ar\/en\/wp-json\/wp\/v2\/types\/post"}],"author":[{"embeddable":true,"href":"https:\/\/www.adeba.com.ar\/en\/wp-json\/wp\/v2\/users\/1"}],"replies":[{"embeddable":true,"href":"https:\/\/www.adeba.com.ar\/en\/wp-json\/wp\/v2\/comments?post=43913"}],"version-history":[{"count":1,"href":"https:\/\/www.adeba.com.ar\/en\/wp-json\/wp\/v2\/posts\/43913\/revisions"}],"predecessor-version":[{"id":43914,"href":"https:\/\/www.adeba.com.ar\/en\/wp-json\/wp\/v2\/posts\/43913\/revisions\/43914"}],"wp:attachment":[{"href":"https:\/\/www.adeba.com.ar\/en\/wp-json\/wp\/v2\/media?parent=43913"}],"wp:term":[{"taxonomy":"category","embeddable":true,"href":"https:\/\/www.adeba.com.ar\/en\/wp-json\/wp\/v2\/categories?post=43913"},{"taxonomy":"post_tag","embeddable":true,"href":"https:\/\/www.adeba.com.ar\/en\/wp-json\/wp\/v2\/tags?post=43913"}],"curies":[{"name":"wp","href":"https:\/\/api.w.org\/{rel}","templated":true}]}}