{"id":43348,"date":"2025-10-03T11:48:37","date_gmt":"2025-10-03T14:48:37","guid":{"rendered":"https:\/\/www.adeba.com.ar\/?p=43348"},"modified":"2025-10-07T11:48:53","modified_gmt":"2025-10-07T14:48:53","slug":"decreto-705-2025","status":"publish","type":"post","link":"https:\/\/www.adeba.com.ar\/en\/decreto-705-2025\/","title":{"rendered":"Decreto 705\/2025"},"content":{"rendered":"\n<figure class=\"wp-block-table\"><table><tbody><tr><td><strong>BCRA. Designaci\u00f3n.<\/strong><\/td><\/tr><tr><td>Designan al licenciado en Econom\u00eda<strong>&nbsp;Nicol\u00e1s Marcelo Ferro&nbsp;<\/strong>en el cargo de&nbsp;<strong>Vicesuperintendente de Entidades Financieras y Cambiarias<\/strong>, en virtud de la propuesta efectuada por el se\u00f1or Presidente del BCRA.<\/td><\/tr><\/tbody><\/table><\/figure>\n","protected":false},"excerpt":{"rendered":"<p>BCRA. Designaci\u00f3n. Designan al licenciado en Econom\u00eda&nbsp;Nicol\u00e1s Marcelo Ferro&nbsp;en el cargo de&nbsp;Vicesuperintendente de Entidades Financieras y Cambiarias, en virtud de la propuesta efectuada por el se\u00f1or Presidente del BCRA.<\/p>\n","protected":false},"author":1,"featured_media":0,"comment_status":"closed","ping_status":"open","sticky":false,"template":"","format":"standard","meta":[],"categories":[5],"tags":[],"_links":{"self":[{"href":"https:\/\/www.adeba.com.ar\/en\/wp-json\/wp\/v2\/posts\/43348"}],"collection":[{"href":"https:\/\/www.adeba.com.ar\/en\/wp-json\/wp\/v2\/posts"}],"about":[{"href":"https:\/\/www.adeba.com.ar\/en\/wp-json\/wp\/v2\/types\/post"}],"author":[{"embeddable":true,"href":"https:\/\/www.adeba.com.ar\/en\/wp-json\/wp\/v2\/users\/1"}],"replies":[{"embeddable":true,"href":"https:\/\/www.adeba.com.ar\/en\/wp-json\/wp\/v2\/comments?post=43348"}],"version-history":[{"count":1,"href":"https:\/\/www.adeba.com.ar\/en\/wp-json\/wp\/v2\/posts\/43348\/revisions"}],"predecessor-version":[{"id":43349,"href":"https:\/\/www.adeba.com.ar\/en\/wp-json\/wp\/v2\/posts\/43348\/revisions\/43349"}],"wp:attachment":[{"href":"https:\/\/www.adeba.com.ar\/en\/wp-json\/wp\/v2\/media?parent=43348"}],"wp:term":[{"taxonomy":"category","embeddable":true,"href":"https:\/\/www.adeba.com.ar\/en\/wp-json\/wp\/v2\/categories?post=43348"},{"taxonomy":"post_tag","embeddable":true,"href":"https:\/\/www.adeba.com.ar\/en\/wp-json\/wp\/v2\/tags?post=43348"}],"curies":[{"name":"wp","href":"https:\/\/api.w.org\/{rel}","templated":true}]}}