{"id":42879,"date":"2025-09-01T15:35:03","date_gmt":"2025-09-01T18:35:03","guid":{"rendered":"https:\/\/www.adeba.com.ar\/?p=42879"},"modified":"2025-09-05T15:35:19","modified_gmt":"2025-09-05T18:35:19","slug":"otras-normas-20-2025","status":"publish","type":"post","link":"https:\/\/www.adeba.com.ar\/en\/otras-normas-20-2025\/","title":{"rendered":"Otras Normas 20\/2025"},"content":{"rendered":"\n<figure class=\"wp-block-table\"><table><tbody><tr><td><strong>Jefatura de Gabinete de Ministros. Resoluci\u00f3n 139\/2025. Trasl\u00e1dase el feriado nacional del d\u00eda 12 de octubre &#8216;D\u00eda del Respeto a la Diversidad Cultural&#8217; correspondiente al a\u00f1o 2025.<\/strong><\/td><\/tr><tr><td>Deciden trasladar el feriado nacional del d\u00eda 12 de octubre &#8216;D\u00eda del Respeto a la Diversidad Cultural&#8217; correspondiente a este a\u00f1o,&nbsp;al d\u00eda&nbsp;viernes 10 de octubre, en los t\u00e9rminos del Decreto N\u00b0&nbsp;614\/25.<\/td><\/tr><\/tbody><\/table><\/figure>\n","protected":false},"excerpt":{"rendered":"<p>Jefatura de Gabinete de Ministros. Resoluci\u00f3n 139\/2025. Trasl\u00e1dase el feriado nacional del d\u00eda 12 de octubre &#8216;D\u00eda del Respeto a la Diversidad Cultural&#8217; correspondiente al a\u00f1o 2025. Deciden trasladar el<span class=\"more\"><a class=\"more-link\" href=\"https:\/\/www.adeba.com.ar\/en\/otras-normas-20-2025\/\">Seguir leyendo <span class=\"meta-nav\">&#8594;<\/span><\/a><\/span><\/p>\n","protected":false},"author":1,"featured_media":0,"comment_status":"closed","ping_status":"open","sticky":false,"template":"","format":"standard","meta":[],"categories":[5],"tags":[],"_links":{"self":[{"href":"https:\/\/www.adeba.com.ar\/en\/wp-json\/wp\/v2\/posts\/42879"}],"collection":[{"href":"https:\/\/www.adeba.com.ar\/en\/wp-json\/wp\/v2\/posts"}],"about":[{"href":"https:\/\/www.adeba.com.ar\/en\/wp-json\/wp\/v2\/types\/post"}],"author":[{"embeddable":true,"href":"https:\/\/www.adeba.com.ar\/en\/wp-json\/wp\/v2\/users\/1"}],"replies":[{"embeddable":true,"href":"https:\/\/www.adeba.com.ar\/en\/wp-json\/wp\/v2\/comments?post=42879"}],"version-history":[{"count":1,"href":"https:\/\/www.adeba.com.ar\/en\/wp-json\/wp\/v2\/posts\/42879\/revisions"}],"predecessor-version":[{"id":42880,"href":"https:\/\/www.adeba.com.ar\/en\/wp-json\/wp\/v2\/posts\/42879\/revisions\/42880"}],"wp:attachment":[{"href":"https:\/\/www.adeba.com.ar\/en\/wp-json\/wp\/v2\/media?parent=42879"}],"wp:term":[{"taxonomy":"category","embeddable":true,"href":"https:\/\/www.adeba.com.ar\/en\/wp-json\/wp\/v2\/categories?post=42879"},{"taxonomy":"post_tag","embeddable":true,"href":"https:\/\/www.adeba.com.ar\/en\/wp-json\/wp\/v2\/tags?post=42879"}],"curies":[{"name":"wp","href":"https:\/\/api.w.org\/{rel}","templated":true}]}}