{"id":42810,"date":"2025-08-28T13:25:42","date_gmt":"2025-08-28T16:25:42","guid":{"rendered":"https:\/\/www.adeba.com.ar\/?p=42810"},"modified":"2025-08-28T13:25:43","modified_gmt":"2025-08-28T16:25:43","slug":"decreto-614-2025","status":"publish","type":"post","link":"https:\/\/www.adeba.com.ar\/en\/decreto-614-2025\/","title":{"rendered":"Decreto 614\/2025"},"content":{"rendered":"\n<figure class=\"wp-block-table\"><table><tbody><tr><td><strong>Feriados Nacionales Trasladables. Disposiciones.<\/strong><\/td><\/tr><tr><td>Dado que la&nbsp;<a href=\"https:\/\/www.normasfinancieras.com\/vsr\/jump.aspx?nm_origen=MailSintesis&#038;entorno=NO&#038;nm_accion=LinkDoc&#038;link=N118136\" target=\"_blank\" rel=\"noreferrer noopener\">Ley N\u00ba 27.399<\/a>&nbsp;no contempla una regla espec\u00edfica para los casos en que los feriados trasladables caigan en d\u00edas s\u00e1bado o domingo, el ejecutivo nacional define que&nbsp;cuando las fechas coincidan con un d\u00eda s\u00e1bado o domingo podr\u00e1n trasladarse al lunes inmediato posterior o al \u00faltimo viernes inmediato anterior, seg\u00fan lo determine la Autoridad de Aplicaci\u00f3n.<\/td><\/tr><\/tbody><\/table><\/figure>\n","protected":false},"excerpt":{"rendered":"<p>Feriados Nacionales Trasladables. Disposiciones. Dado que la&nbsp;Ley N\u00ba 27.399&nbsp;no contempla una regla espec\u00edfica para los casos en que los feriados trasladables caigan en d\u00edas s\u00e1bado o domingo, el ejecutivo nacional<span class=\"more\"><a class=\"more-link\" href=\"https:\/\/www.adeba.com.ar\/en\/decreto-614-2025\/\">Seguir leyendo <span class=\"meta-nav\">&#8594;<\/span><\/a><\/span><\/p>\n","protected":false},"author":1,"featured_media":0,"comment_status":"closed","ping_status":"open","sticky":false,"template":"","format":"standard","meta":[],"categories":[5],"tags":[],"_links":{"self":[{"href":"https:\/\/www.adeba.com.ar\/en\/wp-json\/wp\/v2\/posts\/42810"}],"collection":[{"href":"https:\/\/www.adeba.com.ar\/en\/wp-json\/wp\/v2\/posts"}],"about":[{"href":"https:\/\/www.adeba.com.ar\/en\/wp-json\/wp\/v2\/types\/post"}],"author":[{"embeddable":true,"href":"https:\/\/www.adeba.com.ar\/en\/wp-json\/wp\/v2\/users\/1"}],"replies":[{"embeddable":true,"href":"https:\/\/www.adeba.com.ar\/en\/wp-json\/wp\/v2\/comments?post=42810"}],"version-history":[{"count":1,"href":"https:\/\/www.adeba.com.ar\/en\/wp-json\/wp\/v2\/posts\/42810\/revisions"}],"predecessor-version":[{"id":42811,"href":"https:\/\/www.adeba.com.ar\/en\/wp-json\/wp\/v2\/posts\/42810\/revisions\/42811"}],"wp:attachment":[{"href":"https:\/\/www.adeba.com.ar\/en\/wp-json\/wp\/v2\/media?parent=42810"}],"wp:term":[{"taxonomy":"category","embeddable":true,"href":"https:\/\/www.adeba.com.ar\/en\/wp-json\/wp\/v2\/categories?post=42810"},{"taxonomy":"post_tag","embeddable":true,"href":"https:\/\/www.adeba.com.ar\/en\/wp-json\/wp\/v2\/tags?post=42810"}],"curies":[{"name":"wp","href":"https:\/\/api.w.org\/{rel}","templated":true}]}}