{"id":42495,"date":"2025-07-25T18:39:00","date_gmt":"2025-07-25T21:39:00","guid":{"rendered":"https:\/\/www.adeba.com.ar\/?p=42495"},"modified":"2025-08-04T18:41:02","modified_gmt":"2025-08-04T21:41:02","slug":"adeba-joven-formo-parte-del-evento-anual-del-j6","status":"publish","type":"post","link":"https:\/\/www.adeba.com.ar\/en\/adeba-joven-formo-parte-del-evento-anual-del-j6\/","title":{"rendered":"ADEBA Joven form\u00f3 parte del evento anual del j6"},"content":{"rendered":"\n<p>El 25 de julio, ADEBA Joven form\u00f3 parte del Encuentro Anual del J6, que tuvo lugar en La Rural bajo el lema:&nbsp;&nbsp;<\/p>\n\n\n\n<p>\u201cConectar, Competir, Crecer: hacia una nueva agenda de desarrollo&#8221;.<\/p>\n\n\n\n<p>Durante la jornada, m\u00e1s de 300 l\u00edderes del sector p\u00fablico y privado reflexionaron sobre los desaf\u00edos estrat\u00e9gicos de la Argentina desde una perspectiva productiva, internacional, federal y orientada al futuro.<\/p>\n\n\n\n<p>Vicente A. Guti\u00e9rrez, Presidente de ADEBA Joven, particip\u00f3 del encuentro moderando el panel titulado \u201cEl mundo en juego: claves del contexto internacional para comprender el presente argentino\u201d, junto a Diego Guelar, Pol\u00edtico y ex embajador argentino en EE.UU. y Rep\u00fablica Popular de China, y Claudio Zuchovicki, especialista en finanzas y Presidente de BYMA.<\/p>\n\n\n\n<p>El evento tambi\u00e9n cont\u00f3 con la presencia de referentes destacados como Horacio Mar\u00edn, Mart\u00edn Menem, Bettina Bulgheroni, Ivana Cavligiasso, Diego Casarotti, y Santiago Cicchetti, en paneles enfocados en la competitividad argentina, el desarrollo de talento y una visi\u00f3n compartida de pa\u00eds.<\/p>\n\n\n\n<p>Desde ADEBA Joven, valoramos la participaci\u00f3n en estos espacios que promueven el liderazgo joven, el di\u00e1logo multisectorial y la construcci\u00f3n de consensos con una visi\u00f3n estrat\u00e9gica de futuro.<\/p>\n\n\n\n<p>Agradecemos el apoyo permanente de ADEBA y de sus autoridades, y especialmente a los bancos sponsors que hacen posible que sigamos promoviendo instancias de encuentro y propuestas para el desarrollo del pa\u00eds: Banco Ciudad, Banco Galicia, Banco Macro, Banco Mariva, Banco Piano, Banco Supervielle y Grupo Petersen.<\/p>\n","protected":false},"excerpt":{"rendered":"<p>El 25 de julio, ADEBA Joven form\u00f3 parte del Encuentro Anual del J6, que tuvo lugar en La Rural bajo el lema:&nbsp;&nbsp; \u201cConectar, Competir, Crecer: hacia una nueva agenda de<span class=\"more\"><a class=\"more-link\" href=\"https:\/\/www.adeba.com.ar\/en\/adeba-joven-formo-parte-del-evento-anual-del-j6\/\">Seguir leyendo <span class=\"meta-nav\">&#8594;<\/span><\/a><\/span><\/p>\n","protected":false},"author":1,"featured_media":42496,"comment_status":"closed","ping_status":"open","sticky":false,"template":"","format":"standard","meta":[],"categories":[222],"tags":[],"_links":{"self":[{"href":"https:\/\/www.adeba.com.ar\/en\/wp-json\/wp\/v2\/posts\/42495"}],"collection":[{"href":"https:\/\/www.adeba.com.ar\/en\/wp-json\/wp\/v2\/posts"}],"about":[{"href":"https:\/\/www.adeba.com.ar\/en\/wp-json\/wp\/v2\/types\/post"}],"author":[{"embeddable":true,"href":"https:\/\/www.adeba.com.ar\/en\/wp-json\/wp\/v2\/users\/1"}],"replies":[{"embeddable":true,"href":"https:\/\/www.adeba.com.ar\/en\/wp-json\/wp\/v2\/comments?post=42495"}],"version-history":[{"count":1,"href":"https:\/\/www.adeba.com.ar\/en\/wp-json\/wp\/v2\/posts\/42495\/revisions"}],"predecessor-version":[{"id":42497,"href":"https:\/\/www.adeba.com.ar\/en\/wp-json\/wp\/v2\/posts\/42495\/revisions\/42497"}],"wp:featuredmedia":[{"embeddable":true,"href":"https:\/\/www.adeba.com.ar\/en\/wp-json\/wp\/v2\/media\/42496"}],"wp:attachment":[{"href":"https:\/\/www.adeba.com.ar\/en\/wp-json\/wp\/v2\/media?parent=42495"}],"wp:term":[{"taxonomy":"category","embeddable":true,"href":"https:\/\/www.adeba.com.ar\/en\/wp-json\/wp\/v2\/categories?post=42495"},{"taxonomy":"post_tag","embeddable":true,"href":"https:\/\/www.adeba.com.ar\/en\/wp-json\/wp\/v2\/tags?post=42495"}],"curies":[{"name":"wp","href":"https:\/\/api.w.org\/{rel}","templated":true}]}}