{"id":42468,"date":"2025-07-28T23:48:42","date_gmt":"2025-07-29T02:48:42","guid":{"rendered":"https:\/\/www.adeba.com.ar\/?p=42468"},"modified":"2025-07-30T23:49:21","modified_gmt":"2025-07-31T02:49:21","slug":"resolucion-del-ministerio-de-economia-1066-2025","status":"publish","type":"post","link":"https:\/\/www.adeba.com.ar\/en\/resolucion-del-ministerio-de-economia-1066-2025\/","title":{"rendered":"Resoluci\u00f3n del Ministerio de Econom\u00eda 1066\/2025\u00a0&#8211;"},"content":{"rendered":"\n<p>Suspensi\u00f3n del inicio de los juicios de ejecuci\u00f3n fiscal y de la traba de medidas cautelares. Pr\u00f3rroga.<\/p>\n","protected":false},"excerpt":{"rendered":"<p>Suspensi\u00f3n del inicio de los juicios de ejecuci\u00f3n fiscal y de la traba de medidas cautelares. Pr\u00f3rroga.<\/p>\n","protected":false},"author":1,"featured_media":0,"comment_status":"closed","ping_status":"open","sticky":false,"template":"","format":"standard","meta":[],"categories":[5],"tags":[],"_links":{"self":[{"href":"https:\/\/www.adeba.com.ar\/en\/wp-json\/wp\/v2\/posts\/42468"}],"collection":[{"href":"https:\/\/www.adeba.com.ar\/en\/wp-json\/wp\/v2\/posts"}],"about":[{"href":"https:\/\/www.adeba.com.ar\/en\/wp-json\/wp\/v2\/types\/post"}],"author":[{"embeddable":true,"href":"https:\/\/www.adeba.com.ar\/en\/wp-json\/wp\/v2\/users\/1"}],"replies":[{"embeddable":true,"href":"https:\/\/www.adeba.com.ar\/en\/wp-json\/wp\/v2\/comments?post=42468"}],"version-history":[{"count":1,"href":"https:\/\/www.adeba.com.ar\/en\/wp-json\/wp\/v2\/posts\/42468\/revisions"}],"predecessor-version":[{"id":42469,"href":"https:\/\/www.adeba.com.ar\/en\/wp-json\/wp\/v2\/posts\/42468\/revisions\/42469"}],"wp:attachment":[{"href":"https:\/\/www.adeba.com.ar\/en\/wp-json\/wp\/v2\/media?parent=42468"}],"wp:term":[{"taxonomy":"category","embeddable":true,"href":"https:\/\/www.adeba.com.ar\/en\/wp-json\/wp\/v2\/categories?post=42468"},{"taxonomy":"post_tag","embeddable":true,"href":"https:\/\/www.adeba.com.ar\/en\/wp-json\/wp\/v2\/tags?post=42468"}],"curies":[{"name":"wp","href":"https:\/\/api.w.org\/{rel}","templated":true}]}}