{"id":41343,"date":"2025-04-21T09:59:20","date_gmt":"2025-04-21T12:59:20","guid":{"rendered":"https:\/\/www.adeba.com.ar\/?p=41343"},"modified":"2025-04-21T10:29:36","modified_gmt":"2025-04-21T13:29:36","slug":"adeba-lamenta-el-fallecimiento-de-su-santidad-el-papa-francisco","status":"publish","type":"post","link":"https:\/\/www.adeba.com.ar\/en\/adeba-lamenta-el-fallecimiento-de-su-santidad-el-papa-francisco\/","title":{"rendered":"ADEBA lamenta el fallecimiento de Su Santidad el Papa Francisco"},"content":{"rendered":"\n<p>La Asociaci\u00f3n de Bancos Argentinos expresa su profundo pesar por el fallecimiento de Su Santidad el Papa Francisco, figura de relevancia mundial y primer pont\u00edfice argentino. Su legado de di\u00e1logo, paz y compromiso social perdurar\u00e1 en la memoria colectiva.<\/p>\n\n\n\n<p>Elevamos una oraci\u00f3n por su eterno descanso y expresamos nuestras condolencias a familiares y a todos quienes lo amaron y respetaron.<\/p>\n","protected":false},"excerpt":{"rendered":"<p>La Asociaci\u00f3n de Bancos Argentinos expresa su profundo pesar por el fallecimiento de Su Santidad el Papa Francisco, figura de relevancia mundial y primer pont\u00edfice argentino. Su legado de di\u00e1logo,<span class=\"more\"><a class=\"more-link\" href=\"https:\/\/www.adeba.com.ar\/en\/adeba-lamenta-el-fallecimiento-de-su-santidad-el-papa-francisco\/\">Seguir leyendo <span class=\"meta-nav\">&#8594;<\/span><\/a><\/span><\/p>\n","protected":false},"author":1,"featured_media":30788,"comment_status":"closed","ping_status":"open","sticky":false,"template":"","format":"standard","meta":[],"categories":[255,4],"tags":[],"_links":{"self":[{"href":"https:\/\/www.adeba.com.ar\/en\/wp-json\/wp\/v2\/posts\/41343"}],"collection":[{"href":"https:\/\/www.adeba.com.ar\/en\/wp-json\/wp\/v2\/posts"}],"about":[{"href":"https:\/\/www.adeba.com.ar\/en\/wp-json\/wp\/v2\/types\/post"}],"author":[{"embeddable":true,"href":"https:\/\/www.adeba.com.ar\/en\/wp-json\/wp\/v2\/users\/1"}],"replies":[{"embeddable":true,"href":"https:\/\/www.adeba.com.ar\/en\/wp-json\/wp\/v2\/comments?post=41343"}],"version-history":[{"count":1,"href":"https:\/\/www.adeba.com.ar\/en\/wp-json\/wp\/v2\/posts\/41343\/revisions"}],"predecessor-version":[{"id":41344,"href":"https:\/\/www.adeba.com.ar\/en\/wp-json\/wp\/v2\/posts\/41343\/revisions\/41344"}],"wp:featuredmedia":[{"embeddable":true,"href":"https:\/\/www.adeba.com.ar\/en\/wp-json\/wp\/v2\/media\/30788"}],"wp:attachment":[{"href":"https:\/\/www.adeba.com.ar\/en\/wp-json\/wp\/v2\/media?parent=41343"}],"wp:term":[{"taxonomy":"category","embeddable":true,"href":"https:\/\/www.adeba.com.ar\/en\/wp-json\/wp\/v2\/categories?post=41343"},{"taxonomy":"post_tag","embeddable":true,"href":"https:\/\/www.adeba.com.ar\/en\/wp-json\/wp\/v2\/tags?post=41343"}],"curies":[{"name":"wp","href":"https:\/\/api.w.org\/{rel}","templated":true}]}}