{"id":41132,"date":"2025-03-25T12:56:54","date_gmt":"2025-03-25T15:56:54","guid":{"rendered":"https:\/\/www.adeba.com.ar\/?p=41132"},"modified":"2025-03-28T12:57:16","modified_gmt":"2025-03-28T15:57:16","slug":"a-8220","status":"publish","type":"post","link":"https:\/\/www.adeba.com.ar\/en\/a-8220\/","title":{"rendered":"&#8216;A&#8217; 8220"},"content":{"rendered":"\n<figure class=\"wp-block-table\"><table><tbody><tr><td><strong>Circular CONAU 1-1670: Aplicaci\u00f3n del punto 5.5 de la NIIF 9. Mecanismo de prorrateo. Adecuaciones al Plan de Cuentas y Reg\u00edmenes Informativos.<\/strong><\/td><\/tr><tr><td>El Banco Central comunica las disposiciones vinculadas con el mecanismo de prorrateo de deterioro de activos financieros por la aplicaci\u00f3n del punto 5.5 de la NIIF 9.<br>Las entidades pertenecientes a los Grupos B y C que aplican el punto 5.5 de la NIIF 9 desde enero 2025, y que optaron por prorratear el impacto que genere dicha aplicaci\u00f3n,&nbsp;deber\u00e1n calcular al 31.12.2024 las previsiones totales seg\u00fan las NIIF y realizar su comparaci\u00f3n con las previsiones contables determinadas con la normativa vigente a esa fecha.<\/td><\/tr><\/tbody><\/table><\/figure>\n","protected":false},"excerpt":{"rendered":"<p>Circular CONAU 1-1670: Aplicaci\u00f3n del punto 5.5 de la NIIF 9. Mecanismo de prorrateo. Adecuaciones al Plan de Cuentas y Reg\u00edmenes Informativos. El Banco Central comunica las disposiciones vinculadas con<span class=\"more\"><a class=\"more-link\" href=\"https:\/\/www.adeba.com.ar\/en\/a-8220\/\">Seguir leyendo <span class=\"meta-nav\">&#8594;<\/span><\/a><\/span><\/p>\n","protected":false},"author":1,"featured_media":0,"comment_status":"closed","ping_status":"open","sticky":false,"template":"","format":"standard","meta":[],"categories":[5],"tags":[],"_links":{"self":[{"href":"https:\/\/www.adeba.com.ar\/en\/wp-json\/wp\/v2\/posts\/41132"}],"collection":[{"href":"https:\/\/www.adeba.com.ar\/en\/wp-json\/wp\/v2\/posts"}],"about":[{"href":"https:\/\/www.adeba.com.ar\/en\/wp-json\/wp\/v2\/types\/post"}],"author":[{"embeddable":true,"href":"https:\/\/www.adeba.com.ar\/en\/wp-json\/wp\/v2\/users\/1"}],"replies":[{"embeddable":true,"href":"https:\/\/www.adeba.com.ar\/en\/wp-json\/wp\/v2\/comments?post=41132"}],"version-history":[{"count":1,"href":"https:\/\/www.adeba.com.ar\/en\/wp-json\/wp\/v2\/posts\/41132\/revisions"}],"predecessor-version":[{"id":41133,"href":"https:\/\/www.adeba.com.ar\/en\/wp-json\/wp\/v2\/posts\/41132\/revisions\/41133"}],"wp:attachment":[{"href":"https:\/\/www.adeba.com.ar\/en\/wp-json\/wp\/v2\/media?parent=41132"}],"wp:term":[{"taxonomy":"category","embeddable":true,"href":"https:\/\/www.adeba.com.ar\/en\/wp-json\/wp\/v2\/categories?post=41132"},{"taxonomy":"post_tag","embeddable":true,"href":"https:\/\/www.adeba.com.ar\/en\/wp-json\/wp\/v2\/tags?post=41132"}],"curies":[{"name":"wp","href":"https:\/\/api.w.org\/{rel}","templated":true}]}}