{"id":40798,"date":"2025-02-20T16:26:23","date_gmt":"2025-02-20T19:26:23","guid":{"rendered":"https:\/\/www.adeba.com.ar\/?p=40798"},"modified":"2025-02-20T16:26:24","modified_gmt":"2025-02-20T19:26:24","slug":"decreto-116-2025","status":"publish","type":"post","link":"https:\/\/www.adeba.com.ar\/en\/decreto-116-2025\/","title":{"rendered":"Decreto 116\/2025\u00a0"},"content":{"rendered":"\n<figure class=\"wp-block-table\"><table><tbody><tr><td><strong>Banco de la Naci\u00f3n Argentina. Disp\u00f3nese transformaci\u00f3n.<\/strong><\/td><\/tr><tr><td>El Presidente de la Naci\u00f3n dispone la transformaci\u00f3n del ente aut\u00e1rquico Banco de la Naci\u00f3n Argentina en&nbsp;Banco de la Naci\u00f3n Argentina Sociedad An\u00f3nima (BNA S.A.)&nbsp;en la \u00f3rbita del Ministerio de Econom\u00eda.&nbsp; Fundamentan que esta transformaci\u00f3n contribuir\u00e1 a modernizar su estructura jur\u00eddica y operativa, permitiendo una mayor flexibilidad en su gesti\u00f3n y adaptaci\u00f3n a las mejores pr\u00e1cticas del mercado financiero, incorporando mecanismos de gobierno corporativo m\u00e1s \u00e1giles y eficientes y una administraci\u00f3n m\u00e1s profesionalizada y alineada con est\u00e1ndares internacionales de transparencia, eficiencia y control.&nbsp;Los accionistas del BNA S.A. ser\u00e1n el Estado Nacional y la Fundaci\u00f3n Banco de la Naci\u00f3n Argentina.&nbsp;Hasta tanto se complete el proceso de transformaci\u00f3n en sociedad an\u00f3nima, se mantendr\u00e1 vigente su Carta Org\u00e1nica aprobada por la Ley N\u00ba&nbsp;21.799.&nbsp; Concluido el proceso de transformaci\u00f3n, los art\u00edculos 2\u00b0, 25, 26, 27, 30 y 32 de la referida Carta Org\u00e1nica mantendr\u00e1n su vigencia, quedando derogados el resto de sus art\u00edculos.&nbsp;El Balance Especial de transformaci\u00f3n deber\u00e1 confeccionarse y aprobarse en el plazo de 180 d\u00edas desde la fecha de entrada en vigencia del presente decreto.<\/td><\/tr><\/tbody><\/table><\/figure>\n","protected":false},"excerpt":{"rendered":"<p>Banco de la Naci\u00f3n Argentina. Disp\u00f3nese transformaci\u00f3n. El Presidente de la Naci\u00f3n dispone la transformaci\u00f3n del ente aut\u00e1rquico Banco de la Naci\u00f3n Argentina en&nbsp;Banco de la Naci\u00f3n Argentina Sociedad An\u00f3nima<span class=\"more\"><a class=\"more-link\" href=\"https:\/\/www.adeba.com.ar\/en\/decreto-116-2025\/\">Seguir leyendo <span class=\"meta-nav\">&#8594;<\/span><\/a><\/span><\/p>\n","protected":false},"author":1,"featured_media":0,"comment_status":"closed","ping_status":"open","sticky":false,"template":"","format":"standard","meta":[],"categories":[5],"tags":[],"_links":{"self":[{"href":"https:\/\/www.adeba.com.ar\/en\/wp-json\/wp\/v2\/posts\/40798"}],"collection":[{"href":"https:\/\/www.adeba.com.ar\/en\/wp-json\/wp\/v2\/posts"}],"about":[{"href":"https:\/\/www.adeba.com.ar\/en\/wp-json\/wp\/v2\/types\/post"}],"author":[{"embeddable":true,"href":"https:\/\/www.adeba.com.ar\/en\/wp-json\/wp\/v2\/users\/1"}],"replies":[{"embeddable":true,"href":"https:\/\/www.adeba.com.ar\/en\/wp-json\/wp\/v2\/comments?post=40798"}],"version-history":[{"count":1,"href":"https:\/\/www.adeba.com.ar\/en\/wp-json\/wp\/v2\/posts\/40798\/revisions"}],"predecessor-version":[{"id":40799,"href":"https:\/\/www.adeba.com.ar\/en\/wp-json\/wp\/v2\/posts\/40798\/revisions\/40799"}],"wp:attachment":[{"href":"https:\/\/www.adeba.com.ar\/en\/wp-json\/wp\/v2\/media?parent=40798"}],"wp:term":[{"taxonomy":"category","embeddable":true,"href":"https:\/\/www.adeba.com.ar\/en\/wp-json\/wp\/v2\/categories?post=40798"},{"taxonomy":"post_tag","embeddable":true,"href":"https:\/\/www.adeba.com.ar\/en\/wp-json\/wp\/v2\/tags?post=40798"}],"curies":[{"name":"wp","href":"https:\/\/api.w.org\/{rel}","templated":true}]}}