{"id":40069,"date":"2024-12-23T11:38:28","date_gmt":"2024-12-23T14:38:28","guid":{"rendered":"https:\/\/www.adeba.com.ar\/?p=40069"},"modified":"2024-12-24T11:38:42","modified_gmt":"2024-12-24T14:38:42","slug":"resolucion-de-la-secretaria-de-la-pequena-y-la-mediana-empresa-557-2024","status":"publish","type":"post","link":"https:\/\/www.adeba.com.ar\/en\/resolucion-de-la-secretaria-de-la-pequena-y-la-mediana-empresa-557-2024\/","title":{"rendered":"Resoluci\u00f3n de la Secretar\u00eda de la Peque\u00f1a y la Mediana Empresa 557\/2024"},"content":{"rendered":"\n<figure class=\"wp-block-table\"><table><tbody><tr><td><strong>Resoluci\u00f3n N\u00ba 21 de 2021. Modificaci\u00f3n<\/strong><\/td><\/tr><tr><td>Sustituyen varios art\u00edculos de la&nbsp;<a href=\"https:\/\/www.normasfinancieras.com\/vsr\/jump.aspx?nm_origen=MailSintesis&#038;entorno=NO&#038;nm_accion=LinkDoc&#038;link=N142171\" target=\"_blank\" rel=\"noreferrer noopener\">Resoluci\u00f3n N\u00b021 de 2021<\/a>&nbsp;de la ex secretar\u00eda de la Peque\u00f1a y Mediana Empresa y los Emprendedores, que aprob\u00f3 las&nbsp;<strong>Normas Generales del Sistema de Sociedades de Garant\u00edas Rec\u00edprocas<\/strong>, vigentes al d\u00eda de hoy.<br>Seg\u00fan se lee en los considerandos, la medida busca mejorar el marco normativo de modo que permita seguir promoviendo e incrementando la asistencia dirigida a todas las Micro, Peque\u00f1as y Medianas Empresas del territorio nacional y posibilitar un crecimiento controlado, justificado, previsible, responsable y eficiente del impacto fiscal que genera la propia existencia del Sistema de SGR.<\/td><\/tr><\/tbody><\/table><\/figure>\n","protected":false},"excerpt":{"rendered":"<p>Resoluci\u00f3n N\u00ba 21 de 2021. Modificaci\u00f3n Sustituyen varios art\u00edculos de la&nbsp;Resoluci\u00f3n N\u00b021 de 2021&nbsp;de la ex secretar\u00eda de la Peque\u00f1a y Mediana Empresa y los Emprendedores, que aprob\u00f3 las&nbsp;Normas Generales<span class=\"more\"><a class=\"more-link\" href=\"https:\/\/www.adeba.com.ar\/en\/resolucion-de-la-secretaria-de-la-pequena-y-la-mediana-empresa-557-2024\/\">Seguir leyendo <span class=\"meta-nav\">&#8594;<\/span><\/a><\/span><\/p>\n","protected":false},"author":1,"featured_media":0,"comment_status":"closed","ping_status":"open","sticky":false,"template":"","format":"standard","meta":[],"categories":[5],"tags":[],"_links":{"self":[{"href":"https:\/\/www.adeba.com.ar\/en\/wp-json\/wp\/v2\/posts\/40069"}],"collection":[{"href":"https:\/\/www.adeba.com.ar\/en\/wp-json\/wp\/v2\/posts"}],"about":[{"href":"https:\/\/www.adeba.com.ar\/en\/wp-json\/wp\/v2\/types\/post"}],"author":[{"embeddable":true,"href":"https:\/\/www.adeba.com.ar\/en\/wp-json\/wp\/v2\/users\/1"}],"replies":[{"embeddable":true,"href":"https:\/\/www.adeba.com.ar\/en\/wp-json\/wp\/v2\/comments?post=40069"}],"version-history":[{"count":1,"href":"https:\/\/www.adeba.com.ar\/en\/wp-json\/wp\/v2\/posts\/40069\/revisions"}],"predecessor-version":[{"id":40070,"href":"https:\/\/www.adeba.com.ar\/en\/wp-json\/wp\/v2\/posts\/40069\/revisions\/40070"}],"wp:attachment":[{"href":"https:\/\/www.adeba.com.ar\/en\/wp-json\/wp\/v2\/media?parent=40069"}],"wp:term":[{"taxonomy":"category","embeddable":true,"href":"https:\/\/www.adeba.com.ar\/en\/wp-json\/wp\/v2\/categories?post=40069"},{"taxonomy":"post_tag","embeddable":true,"href":"https:\/\/www.adeba.com.ar\/en\/wp-json\/wp\/v2\/tags?post=40069"}],"curies":[{"name":"wp","href":"https:\/\/api.w.org\/{rel}","templated":true}]}}