{"id":40018,"date":"2024-12-19T09:54:31","date_gmt":"2024-12-19T12:54:31","guid":{"rendered":"https:\/\/www.adeba.com.ar\/?p=40018"},"modified":"2024-12-20T09:54:45","modified_gmt":"2024-12-20T12:54:45","slug":"decreto-1108-2024","status":"publish","type":"post","link":"https:\/\/www.adeba.com.ar\/en\/decreto-1108-2024\/","title":{"rendered":"Decreto 1108\/2024"},"content":{"rendered":"\n<figure class=\"wp-block-table\"><table><tbody><tr><td><strong>Ot\u00f3rgase asueto al personal de la Administraci\u00f3n P\u00fablica Nacional.<\/strong><\/td><\/tr><tr><td>El gobierno nacional otorga asueto administrativo los d\u00edas 24 y 31 de diciembre del corriente a\u00f1o&nbsp;al personal de la Administraci\u00f3n p\u00fablica nacional.&nbsp;Aclaran que la presente medida&nbsp;no alcanza a las instituciones bancarias y entidades financieras.<\/td><\/tr><\/tbody><\/table><\/figure>\n","protected":false},"excerpt":{"rendered":"<p>Ot\u00f3rgase asueto al personal de la Administraci\u00f3n P\u00fablica Nacional. El gobierno nacional otorga asueto administrativo los d\u00edas 24 y 31 de diciembre del corriente a\u00f1o&nbsp;al personal de la Administraci\u00f3n p\u00fablica<span class=\"more\"><a class=\"more-link\" href=\"https:\/\/www.adeba.com.ar\/en\/decreto-1108-2024\/\">Seguir leyendo <span class=\"meta-nav\">&#8594;<\/span><\/a><\/span><\/p>\n","protected":false},"author":1,"featured_media":0,"comment_status":"closed","ping_status":"open","sticky":false,"template":"","format":"standard","meta":[],"categories":[5],"tags":[],"_links":{"self":[{"href":"https:\/\/www.adeba.com.ar\/en\/wp-json\/wp\/v2\/posts\/40018"}],"collection":[{"href":"https:\/\/www.adeba.com.ar\/en\/wp-json\/wp\/v2\/posts"}],"about":[{"href":"https:\/\/www.adeba.com.ar\/en\/wp-json\/wp\/v2\/types\/post"}],"author":[{"embeddable":true,"href":"https:\/\/www.adeba.com.ar\/en\/wp-json\/wp\/v2\/users\/1"}],"replies":[{"embeddable":true,"href":"https:\/\/www.adeba.com.ar\/en\/wp-json\/wp\/v2\/comments?post=40018"}],"version-history":[{"count":1,"href":"https:\/\/www.adeba.com.ar\/en\/wp-json\/wp\/v2\/posts\/40018\/revisions"}],"predecessor-version":[{"id":40019,"href":"https:\/\/www.adeba.com.ar\/en\/wp-json\/wp\/v2\/posts\/40018\/revisions\/40019"}],"wp:attachment":[{"href":"https:\/\/www.adeba.com.ar\/en\/wp-json\/wp\/v2\/media?parent=40018"}],"wp:term":[{"taxonomy":"category","embeddable":true,"href":"https:\/\/www.adeba.com.ar\/en\/wp-json\/wp\/v2\/categories?post=40018"},{"taxonomy":"post_tag","embeddable":true,"href":"https:\/\/www.adeba.com.ar\/en\/wp-json\/wp\/v2\/tags?post=40018"}],"curies":[{"name":"wp","href":"https:\/\/api.w.org\/{rel}","templated":true}]}}