{"id":40010,"date":"2024-12-19T09:53:27","date_gmt":"2024-12-19T12:53:27","guid":{"rendered":"https:\/\/www.adeba.com.ar\/?p=40010"},"modified":"2024-12-20T09:53:38","modified_gmt":"2024-12-20T12:53:38","slug":"cordoba-otra-norma-provincial-1090-2024","status":"publish","type":"post","link":"https:\/\/www.adeba.com.ar\/en\/cordoba-otra-norma-provincial-1090-2024\/","title":{"rendered":"\u00a0C\u00f3rdoba Otra norma provincial 1090\/2024"},"content":{"rendered":"\n<p>C\u00f3rdoba declara asueto administrativo para toda la Administraci\u00f3n P\u00fablica Provincial<\/p>\n","protected":false},"excerpt":{"rendered":"<p>C\u00f3rdoba declara asueto administrativo para toda la Administraci\u00f3n P\u00fablica Provincial<\/p>\n","protected":false},"author":1,"featured_media":0,"comment_status":"closed","ping_status":"open","sticky":false,"template":"","format":"standard","meta":[],"categories":[5],"tags":[],"_links":{"self":[{"href":"https:\/\/www.adeba.com.ar\/en\/wp-json\/wp\/v2\/posts\/40010"}],"collection":[{"href":"https:\/\/www.adeba.com.ar\/en\/wp-json\/wp\/v2\/posts"}],"about":[{"href":"https:\/\/www.adeba.com.ar\/en\/wp-json\/wp\/v2\/types\/post"}],"author":[{"embeddable":true,"href":"https:\/\/www.adeba.com.ar\/en\/wp-json\/wp\/v2\/users\/1"}],"replies":[{"embeddable":true,"href":"https:\/\/www.adeba.com.ar\/en\/wp-json\/wp\/v2\/comments?post=40010"}],"version-history":[{"count":1,"href":"https:\/\/www.adeba.com.ar\/en\/wp-json\/wp\/v2\/posts\/40010\/revisions"}],"predecessor-version":[{"id":40011,"href":"https:\/\/www.adeba.com.ar\/en\/wp-json\/wp\/v2\/posts\/40010\/revisions\/40011"}],"wp:attachment":[{"href":"https:\/\/www.adeba.com.ar\/en\/wp-json\/wp\/v2\/media?parent=40010"}],"wp:term":[{"taxonomy":"category","embeddable":true,"href":"https:\/\/www.adeba.com.ar\/en\/wp-json\/wp\/v2\/categories?post=40010"},{"taxonomy":"post_tag","embeddable":true,"href":"https:\/\/www.adeba.com.ar\/en\/wp-json\/wp\/v2\/tags?post=40010"}],"curies":[{"name":"wp","href":"https:\/\/api.w.org\/{rel}","templated":true}]}}