{"id":39934,"date":"2024-12-12T23:03:50","date_gmt":"2024-12-13T02:03:50","guid":{"rendered":"https:\/\/www.adeba.com.ar\/?p=39934"},"modified":"2024-12-12T23:03:51","modified_gmt":"2024-12-13T02:03:51","slug":"resolucion-del-instituto-nacional-de-asociativismo-y-economia-social-3036-2024","status":"publish","type":"post","link":"https:\/\/www.adeba.com.ar\/en\/resolucion-del-instituto-nacional-de-asociativismo-y-economia-social-3036-2024\/","title":{"rendered":"Resoluci\u00f3n del Instituto Nacional de Asociativismo y Econom\u00eda Social 3036\/2024"},"content":{"rendered":"\n<figure class=\"wp-block-table\"><table><tbody><tr><td><strong>Resoluci\u00f3n N\u00ba 1481\/09, sus modificatorias y complementarias Nros. 7536\/12, 2363\/19 y 2987\/19. Modificaci\u00f3n.<\/strong><\/td><\/tr><tr><td>INAES&nbsp;<strong>actualiza la normativa sobre el servicio de gesti\u00f3n de pr\u00e9stamos<\/strong>&nbsp;a fin de adecuarlo a las disposiciones de la Resoluci\u00f3n N\u00b0 99\/2023 de la UIF.&nbsp;&nbsp;En ese sentido, se establece -entre otras cuestiones- que en la prestaci\u00f3n del servicio de gesti\u00f3n de pr\u00e9stamos,&nbsp;<strong>se deber\u00e1 formar un legajo por asociado<\/strong>&nbsp;y de aquellas personas de car\u00e1cter jur\u00eddico otorgantes de los pr\u00e9stamos que,&nbsp;<strong>bajo un enfoque basado en riesgo, justifique su solvencia patrimonial y financiera<\/strong>&nbsp;para ser acreedor u otorgante del pr\u00e9stamo y&nbsp;<strong>la determinaci\u00f3n de su perfil<\/strong>&nbsp;en funci\u00f3n de las pol\u00edticas de prevenci\u00f3n de LA\/FT\/FPADM. Para ello, se&nbsp;<strong>podr\u00e1n utilizar medios electr\u00f3nicos y digitales<\/strong>.&nbsp;Asimismo, INAES indica que las cooperativas y mutuales que presten el servicio de gesti\u00f3n de pr\u00e9stamos bajo cualquiera de las modalidades contempladas en el Art\u00edculo 5\u00b0,&nbsp;<strong>deben presentar dentro de los 30 d\u00edas posteriores de la finalizaci\u00f3n del a\u00f1o calendario, un dictamen t\u00e9cnico<\/strong>&nbsp;sobre la operatoria del servicio de gesti\u00f3n de pr\u00e9stamos,&nbsp;<strong>emitido por un profesional matriculado con especializaci\u00f3n en sistemas inform\u00e1ticos<\/strong>&nbsp;que acredite la seguridad de los sistemas inform\u00e1ticos y el cumplimiento por la mutual de los recaudos y requisitos establecidos en el citado art\u00edculo en la prestaci\u00f3n del servicio.<\/td><\/tr><\/tbody><\/table><\/figure>\n","protected":false},"excerpt":{"rendered":"<p>Resoluci\u00f3n N\u00ba 1481\/09, sus modificatorias y complementarias Nros. 7536\/12, 2363\/19 y 2987\/19. Modificaci\u00f3n. INAES&nbsp;actualiza la normativa sobre el servicio de gesti\u00f3n de pr\u00e9stamos&nbsp;a fin de adecuarlo a las disposiciones de<span class=\"more\"><a class=\"more-link\" href=\"https:\/\/www.adeba.com.ar\/en\/resolucion-del-instituto-nacional-de-asociativismo-y-economia-social-3036-2024\/\">Seguir leyendo <span class=\"meta-nav\">&#8594;<\/span><\/a><\/span><\/p>\n","protected":false},"author":1,"featured_media":0,"comment_status":"closed","ping_status":"open","sticky":false,"template":"","format":"standard","meta":[],"categories":[5],"tags":[],"_links":{"self":[{"href":"https:\/\/www.adeba.com.ar\/en\/wp-json\/wp\/v2\/posts\/39934"}],"collection":[{"href":"https:\/\/www.adeba.com.ar\/en\/wp-json\/wp\/v2\/posts"}],"about":[{"href":"https:\/\/www.adeba.com.ar\/en\/wp-json\/wp\/v2\/types\/post"}],"author":[{"embeddable":true,"href":"https:\/\/www.adeba.com.ar\/en\/wp-json\/wp\/v2\/users\/1"}],"replies":[{"embeddable":true,"href":"https:\/\/www.adeba.com.ar\/en\/wp-json\/wp\/v2\/comments?post=39934"}],"version-history":[{"count":1,"href":"https:\/\/www.adeba.com.ar\/en\/wp-json\/wp\/v2\/posts\/39934\/revisions"}],"predecessor-version":[{"id":39935,"href":"https:\/\/www.adeba.com.ar\/en\/wp-json\/wp\/v2\/posts\/39934\/revisions\/39935"}],"wp:attachment":[{"href":"https:\/\/www.adeba.com.ar\/en\/wp-json\/wp\/v2\/media?parent=39934"}],"wp:term":[{"taxonomy":"category","embeddable":true,"href":"https:\/\/www.adeba.com.ar\/en\/wp-json\/wp\/v2\/categories?post=39934"},{"taxonomy":"post_tag","embeddable":true,"href":"https:\/\/www.adeba.com.ar\/en\/wp-json\/wp\/v2\/tags?post=39934"}],"curies":[{"name":"wp","href":"https:\/\/api.w.org\/{rel}","templated":true}]}}