{"id":39932,"date":"2024-12-12T23:03:35","date_gmt":"2024-12-13T02:03:35","guid":{"rendered":"https:\/\/www.adeba.com.ar\/?p=39932"},"modified":"2024-12-12T23:03:37","modified_gmt":"2024-12-13T02:03:37","slug":"resolucion-del-instituto-nacional-de-asociativismo-y-economia-social-3037-2024","status":"publish","type":"post","link":"https:\/\/www.adeba.com.ar\/en\/resolucion-del-instituto-nacional-de-asociativismo-y-economia-social-3037-2024\/","title":{"rendered":"Resoluci\u00f3n del Instituto Nacional de Asociativismo y Econom\u00eda Social 3037\/2024"},"content":{"rendered":"\n<figure class=\"wp-block-table\"><table><tbody><tr><td><strong>Resoluci\u00f3n N\u00ba 7207\/12. Modificaci\u00f3n.<\/strong><\/td><\/tr><tr><td>El Instituto Nacional de Asociativismo y Econom\u00eda Social modifica las resoluciones que regulan el servicio de cr\u00e9dito cooperativo en virtud de la Resoluci\u00f3n N\u00b0&nbsp;99\/2023 de la UIF.&nbsp;Adem\u00e1s, adecua las modalidades de prestaci\u00f3n del servicio a las tecnolog\u00edas derivadas de la digitalizaci\u00f3n, posibilitando su desarrollo de acuerdo a los requerimientos derivados de la legislaci\u00f3n y de otros organismos p\u00fablicos.&nbsp;&nbsp;Entre las novedades establece que las operaciones del Servicio de Cr\u00e9dito, podr\u00e1n ser realizadas mediante la utilizaci\u00f3n de canales electr\u00f3nicos y\/o digitales existentes, siempre que cumplan con est\u00e1ndares t\u00e9cnicos y legales de seguridad inform\u00e1tica aplicables.&nbsp;Destacan que esto contribuir\u00e1 a favorecer el desarrollo personal y de emprendimientos de sus asociados integrados a entidades.<\/td><\/tr><\/tbody><\/table><\/figure>\n","protected":false},"excerpt":{"rendered":"<p>Resoluci\u00f3n N\u00ba 7207\/12. Modificaci\u00f3n. El Instituto Nacional de Asociativismo y Econom\u00eda Social modifica las resoluciones que regulan el servicio de cr\u00e9dito cooperativo en virtud de la Resoluci\u00f3n N\u00b0&nbsp;99\/2023 de la<span class=\"more\"><a class=\"more-link\" href=\"https:\/\/www.adeba.com.ar\/en\/resolucion-del-instituto-nacional-de-asociativismo-y-economia-social-3037-2024\/\">Seguir leyendo <span class=\"meta-nav\">&#8594;<\/span><\/a><\/span><\/p>\n","protected":false},"author":1,"featured_media":0,"comment_status":"closed","ping_status":"open","sticky":false,"template":"","format":"standard","meta":[],"categories":[5],"tags":[],"_links":{"self":[{"href":"https:\/\/www.adeba.com.ar\/en\/wp-json\/wp\/v2\/posts\/39932"}],"collection":[{"href":"https:\/\/www.adeba.com.ar\/en\/wp-json\/wp\/v2\/posts"}],"about":[{"href":"https:\/\/www.adeba.com.ar\/en\/wp-json\/wp\/v2\/types\/post"}],"author":[{"embeddable":true,"href":"https:\/\/www.adeba.com.ar\/en\/wp-json\/wp\/v2\/users\/1"}],"replies":[{"embeddable":true,"href":"https:\/\/www.adeba.com.ar\/en\/wp-json\/wp\/v2\/comments?post=39932"}],"version-history":[{"count":1,"href":"https:\/\/www.adeba.com.ar\/en\/wp-json\/wp\/v2\/posts\/39932\/revisions"}],"predecessor-version":[{"id":39933,"href":"https:\/\/www.adeba.com.ar\/en\/wp-json\/wp\/v2\/posts\/39932\/revisions\/39933"}],"wp:attachment":[{"href":"https:\/\/www.adeba.com.ar\/en\/wp-json\/wp\/v2\/media?parent=39932"}],"wp:term":[{"taxonomy":"category","embeddable":true,"href":"https:\/\/www.adeba.com.ar\/en\/wp-json\/wp\/v2\/categories?post=39932"},{"taxonomy":"post_tag","embeddable":true,"href":"https:\/\/www.adeba.com.ar\/en\/wp-json\/wp\/v2\/tags?post=39932"}],"curies":[{"name":"wp","href":"https:\/\/api.w.org\/{rel}","templated":true}]}}