{"id":39867,"date":"2024-12-06T14:34:46","date_gmt":"2024-12-06T17:34:46","guid":{"rendered":"https:\/\/www.adeba.com.ar\/?p=39867"},"modified":"2024-12-06T14:36:03","modified_gmt":"2024-12-06T17:36:03","slug":"adeba-celebra-el-acuerdo-logrado-entre-mercosur-y-la-union-europea-ue","status":"publish","type":"post","link":"https:\/\/www.adeba.com.ar\/en\/adeba-celebra-el-acuerdo-logrado-entre-mercosur-y-la-union-europea-ue\/","title":{"rendered":"ADEBA celebra el acuerdo logrado entre Mercosur y la Uni\u00f3n Europea (UE)"},"content":{"rendered":"\n<p>La integraci\u00f3n econ\u00f3mica al mundo es un requisito para el desarrollo de la Argentina. Por ello ADEBA celebra el acuerdo de comercio firmado entre el Mercosur y la Uni\u00f3n Europea.<br>Un mejor acceso al mercado europeo para comerciar bienes y servicios redundar\u00e1 en mayores oportunidades para nuestras empresas y emprendedores. Y el acceso a m\u00e1s y mejores bienes y servicios tambi\u00e9n ser\u00e1 mejor para consumidores y productores de nuestro pa\u00eds. Este acuerdo es una herramienta \u00fatil para aumentar la competitividad de la econom\u00eda argentina.<br>Los bancos agrupados en ADEBA apuntalan la inserci\u00f3n de las empresas argentinas al comercio internacional a trav\u00e9s de l\u00edneas de cr\u00e9ditos y servicios de comercio exterior&nbsp;de&nbsp;calidad.<\/p>\n","protected":false},"excerpt":{"rendered":"<p>La integraci\u00f3n econ\u00f3mica al mundo es un requisito para el desarrollo de la Argentina. Por ello ADEBA celebra el acuerdo de comercio firmado entre el Mercosur y la Uni\u00f3n Europea.Un<span class=\"more\"><a class=\"more-link\" href=\"https:\/\/www.adeba.com.ar\/en\/adeba-celebra-el-acuerdo-logrado-entre-mercosur-y-la-union-europea-ue\/\">Seguir leyendo <span class=\"meta-nav\">&#8594;<\/span><\/a><\/span><\/p>\n","protected":false},"author":1,"featured_media":30788,"comment_status":"closed","ping_status":"open","sticky":false,"template":"","format":"standard","meta":[],"categories":[255,4],"tags":[],"_links":{"self":[{"href":"https:\/\/www.adeba.com.ar\/en\/wp-json\/wp\/v2\/posts\/39867"}],"collection":[{"href":"https:\/\/www.adeba.com.ar\/en\/wp-json\/wp\/v2\/posts"}],"about":[{"href":"https:\/\/www.adeba.com.ar\/en\/wp-json\/wp\/v2\/types\/post"}],"author":[{"embeddable":true,"href":"https:\/\/www.adeba.com.ar\/en\/wp-json\/wp\/v2\/users\/1"}],"replies":[{"embeddable":true,"href":"https:\/\/www.adeba.com.ar\/en\/wp-json\/wp\/v2\/comments?post=39867"}],"version-history":[{"count":2,"href":"https:\/\/www.adeba.com.ar\/en\/wp-json\/wp\/v2\/posts\/39867\/revisions"}],"predecessor-version":[{"id":39869,"href":"https:\/\/www.adeba.com.ar\/en\/wp-json\/wp\/v2\/posts\/39867\/revisions\/39869"}],"wp:featuredmedia":[{"embeddable":true,"href":"https:\/\/www.adeba.com.ar\/en\/wp-json\/wp\/v2\/media\/30788"}],"wp:attachment":[{"href":"https:\/\/www.adeba.com.ar\/en\/wp-json\/wp\/v2\/media?parent=39867"}],"wp:term":[{"taxonomy":"category","embeddable":true,"href":"https:\/\/www.adeba.com.ar\/en\/wp-json\/wp\/v2\/categories?post=39867"},{"taxonomy":"post_tag","embeddable":true,"href":"https:\/\/www.adeba.com.ar\/en\/wp-json\/wp\/v2\/tags?post=39867"}],"curies":[{"name":"wp","href":"https:\/\/api.w.org\/{rel}","templated":true}]}}