{"id":39543,"date":"2024-11-07T12:52:38","date_gmt":"2024-11-07T15:52:38","guid":{"rendered":"https:\/\/www.adeba.com.ar\/?p=39543"},"modified":"2024-11-07T12:52:39","modified_gmt":"2024-11-07T15:52:39","slug":"resolucion-general-de-la-comision-nacional-de-valores-1029","status":"publish","type":"post","link":"https:\/\/www.adeba.com.ar\/en\/resolucion-general-de-la-comision-nacional-de-valores-1029\/","title":{"rendered":"Resoluci\u00f3n General de la Comisi\u00f3n Nacional de Valores 1029"},"content":{"rendered":"\n<figure class=\"wp-block-table\"><table><tbody><tr><td><strong>Plazo de liquidaci\u00f3n contado normal (T+1)<\/strong><\/td><\/tr><tr><td>Los Mercados y\/o las C\u00e1maras Compensadoras que, conforme la&nbsp;<a href=\"https:\/\/www.normasfinancieras.com\/vsr\/jump.aspx?nm_origen=MailSintesis&#038;entorno=NO&#038;nm_accion=LinkDoc&#038;link=N157572\" target=\"_blank\" rel=\"noreferrer noopener\">Resoluci\u00f3n General N\u00b0 1000<\/a>,&nbsp;hubieran optado por mantener el plazo de liquidaci\u00f3n de contado 48 horas respecto a las operaciones de contado con valores negociables de renta fija&nbsp;deber\u00e1n adoptar, en forma definitiva, el plazo de liquidaci\u00f3n de contado normal 24 horas.&nbsp;Con este fin, tendr\u00e1n que adecuar sus reglamentaciones conforme lo previsto por esta resoluci\u00f3n y presentar las mismas, a la previa aprobaci\u00f3n de la CNV, dentro del plazo de diez d\u00edas h\u00e1biles, a contar desde su entrada en vigencia.&nbsp;La presente Resoluci\u00f3n General a\u00fan no ha sido publicada a\u00fan en el Bolet\u00edn Oficial.&nbsp;<\/td><\/tr><\/tbody><\/table><\/figure>\n","protected":false},"excerpt":{"rendered":"<p>Plazo de liquidaci\u00f3n contado normal (T+1) Los Mercados y\/o las C\u00e1maras Compensadoras que, conforme la&nbsp;Resoluci\u00f3n General N\u00b0 1000,&nbsp;hubieran optado por mantener el plazo de liquidaci\u00f3n de contado 48 horas respecto<span class=\"more\"><a class=\"more-link\" href=\"https:\/\/www.adeba.com.ar\/en\/resolucion-general-de-la-comision-nacional-de-valores-1029\/\">Seguir leyendo <span class=\"meta-nav\">&#8594;<\/span><\/a><\/span><\/p>\n","protected":false},"author":1,"featured_media":0,"comment_status":"closed","ping_status":"open","sticky":false,"template":"","format":"standard","meta":[],"categories":[5],"tags":[],"_links":{"self":[{"href":"https:\/\/www.adeba.com.ar\/en\/wp-json\/wp\/v2\/posts\/39543"}],"collection":[{"href":"https:\/\/www.adeba.com.ar\/en\/wp-json\/wp\/v2\/posts"}],"about":[{"href":"https:\/\/www.adeba.com.ar\/en\/wp-json\/wp\/v2\/types\/post"}],"author":[{"embeddable":true,"href":"https:\/\/www.adeba.com.ar\/en\/wp-json\/wp\/v2\/users\/1"}],"replies":[{"embeddable":true,"href":"https:\/\/www.adeba.com.ar\/en\/wp-json\/wp\/v2\/comments?post=39543"}],"version-history":[{"count":1,"href":"https:\/\/www.adeba.com.ar\/en\/wp-json\/wp\/v2\/posts\/39543\/revisions"}],"predecessor-version":[{"id":39544,"href":"https:\/\/www.adeba.com.ar\/en\/wp-json\/wp\/v2\/posts\/39543\/revisions\/39544"}],"wp:attachment":[{"href":"https:\/\/www.adeba.com.ar\/en\/wp-json\/wp\/v2\/media?parent=39543"}],"wp:term":[{"taxonomy":"category","embeddable":true,"href":"https:\/\/www.adeba.com.ar\/en\/wp-json\/wp\/v2\/categories?post=39543"},{"taxonomy":"post_tag","embeddable":true,"href":"https:\/\/www.adeba.com.ar\/en\/wp-json\/wp\/v2\/tags?post=39543"}],"curies":[{"name":"wp","href":"https:\/\/api.w.org\/{rel}","templated":true}]}}