{"id":39495,"date":"2024-11-01T12:45:10","date_gmt":"2024-11-01T15:45:10","guid":{"rendered":"https:\/\/www.adeba.com.ar\/?p=39495"},"modified":"2024-11-01T12:45:12","modified_gmt":"2024-11-01T15:45:12","slug":"resolucion-de-la-secretaria-de-la-pequena-y-la-mediana-empresa-480-2024","status":"publish","type":"post","link":"https:\/\/www.adeba.com.ar\/en\/resolucion-de-la-secretaria-de-la-pequena-y-la-mediana-empresa-480-2024\/","title":{"rendered":"Resoluci\u00f3n de la Secretar\u00eda de la Peque\u00f1a y la Mediana Empresa 480\/2024"},"content":{"rendered":"\n<figure class=\"wp-block-table\"><table><tbody><tr><td><strong>Impulso al financiamiento de pymes. Factura de Cr\u00e9dito Electr\u00f3nica MiPyMEs. Plazos.<\/strong><\/td><\/tr><tr><td>Establecen que,&nbsp;desde el 1\u00b0 de noviembre 2024 hasta el 31 de octubre de 2025, ser\u00e1n de 21 d\u00edas corridos:&nbsp;a) los plazos previstos en los Art\u00edculos 4\u00b0, 5\u00b0 y 6\u00b0 de la Ley N\u00b0 27.440 y,<br>b) el plazo para efectuar el rechazo de la &#8216;Factura de Cr\u00e9dito Electr\u00f3nica MiPyMEs&#8217; y su inscripci\u00f3n en el Registro de &#8216;Facturas de Cr\u00e9dito Electr\u00f3nicas MiPyMEs&#8217;, previsto en el \u00faltimo p\u00e1rrafo del Art\u00edculo 8\u00b0 de la Ley N\u00b0 27.440.<br>Asimismo, resuelven que&nbsp;hasta el d\u00eda 31 de octubre de 2025, el R\u00e9gimen de &#8216;Facturas de Cr\u00e9dito Electr\u00f3nicas MiPyMEs&#8217; no resultar\u00e1 aplicable respecto de los comprobantes originales emitidos por una Micro, Peque\u00f1a o Mediana Empresa a una &#8216;Empresa Grande&#8217; que sean cedidos en los t\u00e9rminos del Art\u00edculo 1618 del C\u00f3digo Civil y Comercial de la Naci\u00f3n antes de ser cancelados, rechazados o aceptados por su destinataria.<\/td><\/tr><\/tbody><\/table><\/figure>\n","protected":false},"excerpt":{"rendered":"<p>Impulso al financiamiento de pymes. Factura de Cr\u00e9dito Electr\u00f3nica MiPyMEs. Plazos. Establecen que,&nbsp;desde el 1\u00b0 de noviembre 2024 hasta el 31 de octubre de 2025, ser\u00e1n de 21 d\u00edas corridos:&nbsp;a)<span class=\"more\"><a class=\"more-link\" href=\"https:\/\/www.adeba.com.ar\/en\/resolucion-de-la-secretaria-de-la-pequena-y-la-mediana-empresa-480-2024\/\">Seguir leyendo <span class=\"meta-nav\">&#8594;<\/span><\/a><\/span><\/p>\n","protected":false},"author":1,"featured_media":0,"comment_status":"closed","ping_status":"open","sticky":false,"template":"","format":"standard","meta":[],"categories":[5],"tags":[],"_links":{"self":[{"href":"https:\/\/www.adeba.com.ar\/en\/wp-json\/wp\/v2\/posts\/39495"}],"collection":[{"href":"https:\/\/www.adeba.com.ar\/en\/wp-json\/wp\/v2\/posts"}],"about":[{"href":"https:\/\/www.adeba.com.ar\/en\/wp-json\/wp\/v2\/types\/post"}],"author":[{"embeddable":true,"href":"https:\/\/www.adeba.com.ar\/en\/wp-json\/wp\/v2\/users\/1"}],"replies":[{"embeddable":true,"href":"https:\/\/www.adeba.com.ar\/en\/wp-json\/wp\/v2\/comments?post=39495"}],"version-history":[{"count":1,"href":"https:\/\/www.adeba.com.ar\/en\/wp-json\/wp\/v2\/posts\/39495\/revisions"}],"predecessor-version":[{"id":39496,"href":"https:\/\/www.adeba.com.ar\/en\/wp-json\/wp\/v2\/posts\/39495\/revisions\/39496"}],"wp:attachment":[{"href":"https:\/\/www.adeba.com.ar\/en\/wp-json\/wp\/v2\/media?parent=39495"}],"wp:term":[{"taxonomy":"category","embeddable":true,"href":"https:\/\/www.adeba.com.ar\/en\/wp-json\/wp\/v2\/categories?post=39495"},{"taxonomy":"post_tag","embeddable":true,"href":"https:\/\/www.adeba.com.ar\/en\/wp-json\/wp\/v2\/tags?post=39495"}],"curies":[{"name":"wp","href":"https:\/\/api.w.org\/{rel}","templated":true}]}}