{"id":39211,"date":"2024-10-08T20:29:02","date_gmt":"2024-10-08T23:29:02","guid":{"rendered":"https:\/\/www.adeba.com.ar\/?p=39211"},"modified":"2024-10-11T20:29:45","modified_gmt":"2024-10-11T23:29:45","slug":"noticia-128-2024","status":"publish","type":"post","link":"https:\/\/www.adeba.com.ar\/en\/noticia-128-2024\/","title":{"rendered":"\u00a0Noticia 128\/2024"},"content":{"rendered":"\n<p>El vicepresidente del BCRA, Vladimir Werning, expuso en la Fundaci\u00f3n Mediterr\u00e1nea en C\u00f3rdoba<\/p>\n","protected":false},"excerpt":{"rendered":"<p>El vicepresidente del BCRA, Vladimir Werning, expuso en la Fundaci\u00f3n Mediterr\u00e1nea en C\u00f3rdoba<\/p>\n","protected":false},"author":1,"featured_media":0,"comment_status":"closed","ping_status":"open","sticky":false,"template":"","format":"standard","meta":[],"categories":[5],"tags":[],"_links":{"self":[{"href":"https:\/\/www.adeba.com.ar\/en\/wp-json\/wp\/v2\/posts\/39211"}],"collection":[{"href":"https:\/\/www.adeba.com.ar\/en\/wp-json\/wp\/v2\/posts"}],"about":[{"href":"https:\/\/www.adeba.com.ar\/en\/wp-json\/wp\/v2\/types\/post"}],"author":[{"embeddable":true,"href":"https:\/\/www.adeba.com.ar\/en\/wp-json\/wp\/v2\/users\/1"}],"replies":[{"embeddable":true,"href":"https:\/\/www.adeba.com.ar\/en\/wp-json\/wp\/v2\/comments?post=39211"}],"version-history":[{"count":1,"href":"https:\/\/www.adeba.com.ar\/en\/wp-json\/wp\/v2\/posts\/39211\/revisions"}],"predecessor-version":[{"id":39212,"href":"https:\/\/www.adeba.com.ar\/en\/wp-json\/wp\/v2\/posts\/39211\/revisions\/39212"}],"wp:attachment":[{"href":"https:\/\/www.adeba.com.ar\/en\/wp-json\/wp\/v2\/media?parent=39211"}],"wp:term":[{"taxonomy":"category","embeddable":true,"href":"https:\/\/www.adeba.com.ar\/en\/wp-json\/wp\/v2\/categories?post=39211"},{"taxonomy":"post_tag","embeddable":true,"href":"https:\/\/www.adeba.com.ar\/en\/wp-json\/wp\/v2\/tags?post=39211"}],"curies":[{"name":"wp","href":"https:\/\/api.w.org\/{rel}","templated":true}]}}