{"id":39202,"date":"2024-10-07T13:57:20","date_gmt":"2024-10-07T16:57:20","guid":{"rendered":"https:\/\/www.adeba.com.ar\/?p=39202"},"modified":"2024-10-07T13:57:22","modified_gmt":"2024-10-07T16:57:22","slug":"en-el-dia-internacional-de-la-educacion-financiera","status":"publish","type":"post","link":"https:\/\/www.adeba.com.ar\/en\/en-el-dia-internacional-de-la-educacion-financiera\/","title":{"rendered":"En el D\u00eda Internacional de la Educaci\u00f3n Financiera"},"content":{"rendered":"\n<figure class=\"wp-block-image size-full\"><img decoding=\"async\" loading=\"lazy\" width=\"647\" height=\"80\" src=\"https:\/\/www.adeba.com.ar\/wp-content\/uploads\/2024\/10\/Gacetilla-de-Prensa-Dia-Intern-de-la-Educacion-Financiera-7-10-24-Final_VR-002-docx-Documentos-de-Google-10-07-2024_01_54_PM.png\" alt=\"\" class=\"wp-image-39203\" srcset=\"https:\/\/www.adeba.com.ar\/wp-content\/uploads\/2024\/10\/Gacetilla-de-Prensa-Dia-Intern-de-la-Educacion-Financiera-7-10-24-Final_VR-002-docx-Documentos-de-Google-10-07-2024_01_54_PM.png 647w, https:\/\/www.adeba.com.ar\/wp-content\/uploads\/2024\/10\/Gacetilla-de-Prensa-Dia-Intern-de-la-Educacion-Financiera-7-10-24-Final_VR-002-docx-Documentos-de-Google-10-07-2024_01_54_PM-300x37.png 300w, https:\/\/www.adeba.com.ar\/wp-content\/uploads\/2024\/10\/Gacetilla-de-Prensa-Dia-Intern-de-la-Educacion-Financiera-7-10-24-Final_VR-002-docx-Documentos-de-Google-10-07-2024_01_54_PM-600x74.png 600w\" sizes=\"(max-width: 647px) 100vw, 647px\" \/><\/figure>\n\n\n\n<p><strong>Los principales actores del sistema financiero se unen para impulsar la educaci\u00f3n financiera<\/strong><\/p>\n\n\n\n<p>En el marco del D\u00eda Internacional de la Educaci\u00f3n Financiera, celebrado cada a\u00f1o el primer lunes de octubre desde 2015, el Banco Central de la Rep\u00fablica Argentina (BCRA), junto a las asociaciones de bancos ABA, ABAPPRA, ADEBA y ABE, la C\u00e1mara de Tarjetas de Cr\u00e9dito y Compra, la C\u00e1mara Argentina Fintech y las empresas y entidades asociadas a las mismas trabajan conjuntamente una iniciativa destinada a fortalecer la educaci\u00f3n financiera en el pa\u00eds.<\/p>\n\n\n\n<p><strong>Plan de Acci\u00f3n: Grupo de Trabajo para Iniciativas de Educaci\u00f3n Financiera<\/strong><\/p>\n\n\n\n<p>Con la colaboraci\u00f3n de los principales referentes (empresas y organizaciones) del sistema financiero y el ecosistema de pagos de nuestro pa\u00eds para potenciar las acciones e iniciativas de Educaci\u00f3n Financiera, el Grupo de Trabajo se aboca al dise\u00f1o de un plan detallado con los siguientes objetivos y \u00e1reas de abordaje:<\/p>\n\n\n\n<ul>\n<li><strong>Coordinar acciones a nivel nacional<\/strong>, ampliando el impacto de las diversas iniciativas particulares en educaci\u00f3n financiera, utilizando de la mejor manera los recursos materiales y humanos que en conjunto disponen las instituciones de finanzas.&nbsp;<\/li>\n\n\n\n<li><strong>Promover el desarrollo de contenidos y materiales did\u00e1cticos<\/strong>, asegurando que lleguen a todos los sectores de la poblaci\u00f3n y que est\u00e9n adaptados a la realidad financiera argentina. Se prev\u00e9 la inclusi\u00f3n de herramientas digitales, como aplicaciones y sitios web.<\/li>\n\n\n\n<li><strong>Dise\u00f1ar abordajes espec\u00edficos<\/strong> para distintos p\u00fablicos objetivos, adaptando los contenidos y formatos educativos, con alcance federal.&nbsp;<\/li>\n\n\n\n<li><strong>Impulsar buenas pr\u00e1cticas<\/strong> y contribuir a la mejora de la salud financiera de la poblaci\u00f3n.<\/li>\n\n\n\n<li><strong>Implementar capacitaciones<\/strong>, tanto presenciales como a distancia, y desarrollar herramientas de monitoreo y evaluaci\u00f3n para medir el impacto y la efectividad de los programas.<\/li>\n<\/ul>\n\n\n\n<p>Con estas acciones, las instituciones&nbsp; buscan generar un cambio significativo en la comprensi\u00f3n y gesti\u00f3n de los recursos financieros por parte de los ciudadanos, contribuyendo a una mayor inclusi\u00f3n y bienestar financiero en todo el pa\u00eds.<\/p>\n","protected":false},"excerpt":{"rendered":"<p>Los principales actores del sistema financiero se unen para impulsar la educaci\u00f3n financiera En el marco del D\u00eda Internacional de la Educaci\u00f3n Financiera, celebrado cada a\u00f1o el primer lunes de<span class=\"more\"><a class=\"more-link\" href=\"https:\/\/www.adeba.com.ar\/en\/en-el-dia-internacional-de-la-educacion-financiera\/\">Seguir leyendo <span class=\"meta-nav\">&#8594;<\/span><\/a><\/span><\/p>\n","protected":false},"author":1,"featured_media":18802,"comment_status":"closed","ping_status":"open","sticky":false,"template":"","format":"standard","meta":[],"categories":[4],"tags":[],"_links":{"self":[{"href":"https:\/\/www.adeba.com.ar\/en\/wp-json\/wp\/v2\/posts\/39202"}],"collection":[{"href":"https:\/\/www.adeba.com.ar\/en\/wp-json\/wp\/v2\/posts"}],"about":[{"href":"https:\/\/www.adeba.com.ar\/en\/wp-json\/wp\/v2\/types\/post"}],"author":[{"embeddable":true,"href":"https:\/\/www.adeba.com.ar\/en\/wp-json\/wp\/v2\/users\/1"}],"replies":[{"embeddable":true,"href":"https:\/\/www.adeba.com.ar\/en\/wp-json\/wp\/v2\/comments?post=39202"}],"version-history":[{"count":1,"href":"https:\/\/www.adeba.com.ar\/en\/wp-json\/wp\/v2\/posts\/39202\/revisions"}],"predecessor-version":[{"id":39204,"href":"https:\/\/www.adeba.com.ar\/en\/wp-json\/wp\/v2\/posts\/39202\/revisions\/39204"}],"wp:featuredmedia":[{"embeddable":true,"href":"https:\/\/www.adeba.com.ar\/en\/wp-json\/wp\/v2\/media\/18802"}],"wp:attachment":[{"href":"https:\/\/www.adeba.com.ar\/en\/wp-json\/wp\/v2\/media?parent=39202"}],"wp:term":[{"taxonomy":"category","embeddable":true,"href":"https:\/\/www.adeba.com.ar\/en\/wp-json\/wp\/v2\/categories?post=39202"},{"taxonomy":"post_tag","embeddable":true,"href":"https:\/\/www.adeba.com.ar\/en\/wp-json\/wp\/v2\/tags?post=39202"}],"curies":[{"name":"wp","href":"https:\/\/api.w.org\/{rel}","templated":true}]}}