{"id":38974,"date":"2024-09-19T12:53:52","date_gmt":"2024-09-19T15:53:52","guid":{"rendered":"https:\/\/www.adeba.com.ar\/?p=38974"},"modified":"2024-09-20T12:54:06","modified_gmt":"2024-09-20T15:54:06","slug":"resolucion-general-de-la-comision-nacional-de-valores-1017","status":"publish","type":"post","link":"https:\/\/www.adeba.com.ar\/en\/resolucion-general-de-la-comision-nacional-de-valores-1017\/","title":{"rendered":"Resoluci\u00f3n General de la Comisi\u00f3n Nacional de Valores 1017"},"content":{"rendered":"\n<figure class=\"wp-block-table\"><table><tbody><tr><td><strong>R\u00e9gimen de Regularizaci\u00f3n de Activos. Ley N\u00ba 27.743 &#8211; Medidas fiscales paliativas y relevantes<\/strong><\/td><\/tr><tr><td>La CNV precisa el tratamiento que deber\u00e1 darse a los&nbsp;saldos l\u00edquidos disponibles&nbsp;en las Cuentas Especiales de Regularizaci\u00f3n de Activos.&nbsp;Cumplido el plazo de diez d\u00edas h\u00e1biles para concertar y liquidar las operaciones que involucren a activos elegibles, los fondos no invertidos -total o parcialmente- deber\u00e1n ser transferidos y acreditados por los ALyCs a la cuenta bancaria denominada&nbsp;<em>&#8216;Cuenta Especial de Regularizaci\u00f3n de Activos&#8217;<\/em>&nbsp;de titularidad\/cotitularidad del respectivo cliente, en la medida que dichos fondos superen el equivalente:&nbsp;&#8211; al 3%, calculado sobre la totalidad de los fondos de titularidad\/cotitularidad del cliente en cuesti\u00f3n, o&nbsp;&#8211; a 1500 Unidades de Valor Adquisitivo actualizables por el Coeficiente de Estabilizaci\u00f3n de Referencia \u2013 Ley N\u00b0 25.827, de ambos el menor.&nbsp;Los ALyCs deber\u00e1n solicitar indicaciones expresas al cliente respecto del tratamiento de estos saldos l\u00edquidos.<\/td><\/tr><\/tbody><\/table><\/figure>\n","protected":false},"excerpt":{"rendered":"<p>R\u00e9gimen de Regularizaci\u00f3n de Activos. Ley N\u00ba 27.743 &#8211; Medidas fiscales paliativas y relevantes La CNV precisa el tratamiento que deber\u00e1 darse a los&nbsp;saldos l\u00edquidos disponibles&nbsp;en las Cuentas Especiales de<span class=\"more\"><a class=\"more-link\" href=\"https:\/\/www.adeba.com.ar\/en\/resolucion-general-de-la-comision-nacional-de-valores-1017\/\">Seguir leyendo <span class=\"meta-nav\">&#8594;<\/span><\/a><\/span><\/p>\n","protected":false},"author":1,"featured_media":0,"comment_status":"closed","ping_status":"open","sticky":false,"template":"","format":"standard","meta":[],"categories":[5],"tags":[],"_links":{"self":[{"href":"https:\/\/www.adeba.com.ar\/en\/wp-json\/wp\/v2\/posts\/38974"}],"collection":[{"href":"https:\/\/www.adeba.com.ar\/en\/wp-json\/wp\/v2\/posts"}],"about":[{"href":"https:\/\/www.adeba.com.ar\/en\/wp-json\/wp\/v2\/types\/post"}],"author":[{"embeddable":true,"href":"https:\/\/www.adeba.com.ar\/en\/wp-json\/wp\/v2\/users\/1"}],"replies":[{"embeddable":true,"href":"https:\/\/www.adeba.com.ar\/en\/wp-json\/wp\/v2\/comments?post=38974"}],"version-history":[{"count":1,"href":"https:\/\/www.adeba.com.ar\/en\/wp-json\/wp\/v2\/posts\/38974\/revisions"}],"predecessor-version":[{"id":38975,"href":"https:\/\/www.adeba.com.ar\/en\/wp-json\/wp\/v2\/posts\/38974\/revisions\/38975"}],"wp:attachment":[{"href":"https:\/\/www.adeba.com.ar\/en\/wp-json\/wp\/v2\/media?parent=38974"}],"wp:term":[{"taxonomy":"category","embeddable":true,"href":"https:\/\/www.adeba.com.ar\/en\/wp-json\/wp\/v2\/categories?post=38974"},{"taxonomy":"post_tag","embeddable":true,"href":"https:\/\/www.adeba.com.ar\/en\/wp-json\/wp\/v2\/tags?post=38974"}],"curies":[{"name":"wp","href":"https:\/\/api.w.org\/{rel}","templated":true}]}}