{"id":38963,"date":"2024-09-18T17:43:44","date_gmt":"2024-09-18T20:43:44","guid":{"rendered":"https:\/\/www.adeba.com.ar\/?p=38963"},"modified":"2024-09-18T17:43:45","modified_gmt":"2024-09-18T20:43:45","slug":"adeba-le-da-la-bienvenida-al-banco-columbia-s-a","status":"publish","type":"post","link":"https:\/\/www.adeba.com.ar\/en\/adeba-le-da-la-bienvenida-al-banco-columbia-s-a\/","title":{"rendered":"ADEBA le da la bienvenida al Banco Columbia S.A."},"content":{"rendered":"\n<p>El 11 de septiembre, en la sede de ADEBA, se llev\u00f3 a cabo una reuni\u00f3n de Comisi\u00f3n Directiva en la que se aprob\u00f3 por unanimidad la solicitud de la incorporaci\u00f3n del Banco Columbia S.A. a la Asociaci\u00f3n.<\/p>\n\n\n\n<p>\u201cADEBA sigue creciendo y redoblando esfuerzos para que el sistema financiero en general y la banca privada nacional en particular sean protagonistas en esta nueva etapa del pa\u00eds, proveyendo el cr\u00e9dito y los servicios financieros de calidad que demanda la recuperaci\u00f3n econ\u00f3mica\u201d, manifest\u00f3 Javier Bolzico presidente de ADEBA. &nbsp;<\/p>\n\n\n\n<p>Con esta nueva incorporaci\u00f3n, ADEBA suma un total de 28 entidades financieras que integran nuestra organizaci\u00f3n como asociados activos.<\/p>\n","protected":false},"excerpt":{"rendered":"<p>El 11 de septiembre, en la sede de ADEBA, se llev\u00f3 a cabo una reuni\u00f3n de Comisi\u00f3n Directiva en la que se aprob\u00f3 por unanimidad la solicitud de la incorporaci\u00f3n<span class=\"more\"><a class=\"more-link\" href=\"https:\/\/www.adeba.com.ar\/en\/adeba-le-da-la-bienvenida-al-banco-columbia-s-a\/\">Seguir leyendo <span class=\"meta-nav\">&#8594;<\/span><\/a><\/span><\/p>\n","protected":false},"author":1,"featured_media":38964,"comment_status":"closed","ping_status":"open","sticky":false,"template":"","format":"standard","meta":[],"categories":[255,4],"tags":[],"_links":{"self":[{"href":"https:\/\/www.adeba.com.ar\/en\/wp-json\/wp\/v2\/posts\/38963"}],"collection":[{"href":"https:\/\/www.adeba.com.ar\/en\/wp-json\/wp\/v2\/posts"}],"about":[{"href":"https:\/\/www.adeba.com.ar\/en\/wp-json\/wp\/v2\/types\/post"}],"author":[{"embeddable":true,"href":"https:\/\/www.adeba.com.ar\/en\/wp-json\/wp\/v2\/users\/1"}],"replies":[{"embeddable":true,"href":"https:\/\/www.adeba.com.ar\/en\/wp-json\/wp\/v2\/comments?post=38963"}],"version-history":[{"count":1,"href":"https:\/\/www.adeba.com.ar\/en\/wp-json\/wp\/v2\/posts\/38963\/revisions"}],"predecessor-version":[{"id":38965,"href":"https:\/\/www.adeba.com.ar\/en\/wp-json\/wp\/v2\/posts\/38963\/revisions\/38965"}],"wp:featuredmedia":[{"embeddable":true,"href":"https:\/\/www.adeba.com.ar\/en\/wp-json\/wp\/v2\/media\/38964"}],"wp:attachment":[{"href":"https:\/\/www.adeba.com.ar\/en\/wp-json\/wp\/v2\/media?parent=38963"}],"wp:term":[{"taxonomy":"category","embeddable":true,"href":"https:\/\/www.adeba.com.ar\/en\/wp-json\/wp\/v2\/categories?post=38963"},{"taxonomy":"post_tag","embeddable":true,"href":"https:\/\/www.adeba.com.ar\/en\/wp-json\/wp\/v2\/tags?post=38963"}],"curies":[{"name":"wp","href":"https:\/\/api.w.org\/{rel}","templated":true}]}}