{"id":38832,"date":"2024-09-09T15:08:18","date_gmt":"2024-09-09T18:08:18","guid":{"rendered":"https:\/\/www.adeba.com.ar\/?p=38832"},"modified":"2024-09-09T16:07:05","modified_gmt":"2024-09-09T19:07:05","slug":"el-credito-crece-a-tasas-de-dos-digitos","status":"publish","type":"post","link":"https:\/\/www.adeba.com.ar\/en\/el-credito-crece-a-tasas-de-dos-digitos\/","title":{"rendered":"El cr\u00e9dito crece a tasas de dos d\u00edgitos"},"content":{"rendered":"\n<h1 class=\"wp-block-heading\">Crecimiento r\u00e9cord del cr\u00e9dito bancario<\/h1>\n\n\n\n<p>Clara y contundente; as\u00ed es la recuperaci\u00f3n que ha mostrado el cr\u00e9dito bancario al sector privado desde mayo a agosto del presente a\u00f1o: $ 10.942 miles de millones de pesos en t\u00e9rminos reales (a precios de agosto \u201924). Eso equivale <strong>a un crecimiento real del cr\u00e9dito al sector privado del 46% en 4 meses<a href=\"#_ftn1\" id=\"_ftnref1\"><strong>[1]<\/strong><\/a><\/strong>. Los indicadores de alta frecuencia de septiembre van en la misma direcci\u00f3n. Si bien se parte de valores de cr\u00e9dito hist\u00f3ricamente bajos, el crecimiento registrado es muy relevante y ya supera los niveles de fines de 2023.<\/p>\n\n\n\n<p>En los meses de mayo, junio, julio y agosto los cr\u00e9ditos en pesos subieron en t\u00e9rminos reales a tasas del 7%, 11%, 13% y 10%, respectivamente. Mantiene as\u00ed una seguidilla de cuatro meses ininterrumpidos, con <strong>un crecimiento promedio del cr\u00e9dito en torno al 10% mensual<\/strong>, luego de ajustar por inflaci\u00f3n (Gr\u00e1fico 1). En la serie estad\u00edstica, que comienza en este siglo, no es posible encontrar un crecimiento de tal magnitud.<\/p>\n\n\n\n<p><strong>Gr\u00e1fico 1: Cr\u00e9dito al sector privado en pesos<\/strong> (precios de ago-24)<\/p>\n\n\n\n<figure class=\"wp-block-image size-full\"><img decoding=\"async\" loading=\"lazy\" width=\"488\" height=\"326\" src=\"https:\/\/www.adeba.com.ar\/wp-content\/uploads\/2024\/09\/image.png\" alt=\"\" class=\"wp-image-38833\" srcset=\"https:\/\/www.adeba.com.ar\/wp-content\/uploads\/2024\/09\/image.png 488w, https:\/\/www.adeba.com.ar\/wp-content\/uploads\/2024\/09\/image-300x200.png 300w\" sizes=\"(max-width: 488px) 100vw, 488px\" \/><\/figure>\n\n\n\n<p>Fuente: Elaboraci\u00f3n propia en base a datos del BCRA e INDEC<\/p>\n\n\n\n<p>Otra forma de dimensionar este significativo crecimiento del cr\u00e9dito es compararlo con la evoluci\u00f3n de los dep\u00f3sitos y el PBI. Los cr\u00e9ditos han subido m\u00e1s r\u00e1pido que los dep\u00f3sitos, por lo que el ratio cr\u00e9ditos sobre dep\u00f3sitos se increment\u00f3 significativamente en el per\u00edodo en cuesti\u00f3n (gr\u00e1fico 2). Esto significa un redireccionamiento de los fondos de los dep\u00f3sitos hacia pr\u00e9stamos al sector privado. El ratio cr\u00e9dito sobre producto tambi\u00e9n aument\u00f3 en m\u00e1s de 1.5 p.p. del PBI, superando el 5,3%, &nbsp;empezando a dejar atr\u00e1s el m\u00ednimo hist\u00f3rico registrado.<\/p>\n\n\n\n<p><strong>Gr\u00e1fico 2: Cr\u00e9dito en pesos al sector privado <\/strong>(% de los dep\u00f3sitos en pesos al sector privado)<\/p>\n\n\n\n<figure class=\"wp-block-image size-full\"><img decoding=\"async\" loading=\"lazy\" width=\"504\" height=\"337\" src=\"https:\/\/www.adeba.com.ar\/wp-content\/uploads\/2024\/09\/image-1.png\" alt=\"\" class=\"wp-image-38834\" srcset=\"https:\/\/www.adeba.com.ar\/wp-content\/uploads\/2024\/09\/image-1.png 504w, https:\/\/www.adeba.com.ar\/wp-content\/uploads\/2024\/09\/image-1-300x201.png 300w\" sizes=\"(max-width: 504px) 100vw, 504px\" \/><\/figure>\n\n\n\n<p>Fuente: Elaboraci\u00f3n propia en base a datos del BCRA<\/p>\n\n\n\n<p><strong><em>Cr\u00e9dito y recuperaci\u00f3n econ\u00f3mica<\/em><\/strong><\/p>\n\n\n\n<p><strong>Este crecimiento del cr\u00e9dito es consistente con la recuperaci\u00f3n de ciertos sectores de la econom\u00eda<\/strong>, que posiblemente hayan tocado su piso de actividad econ\u00f3mica en el segundo trimestre del a\u00f1o. La recuperaci\u00f3n del cr\u00e9dito acompa\u00f1a y potencia el crecimiento econ\u00f3mico.<\/p>\n\n\n\n<p>Los pr\u00e9stamos en d\u00f3lares tambi\u00e9n aumentaron los primeros ocho meses del a\u00f1o, pero ello se explica principalmente por la mejora del tipo de cambio de fin de a\u00f1o que favoreci\u00f3 a los sectores vinculados a las exportaciones. La recuperaci\u00f3n de los cr\u00e9ditos en d\u00f3lares en lo que va del a\u00f1o es de US$ 3.238 millones lo que representa un 93% (Gr\u00e1fico 2). Debe tenerse en cuenta que los pr\u00e9stamos en d\u00f3lares constituyen una proporci\u00f3n peque\u00f1a del total de pr\u00e9stamos al sector privado: 16% del total.<\/p>\n\n\n\n<p><strong>Gr\u00e1fico 2: Cr\u00e9dito al sector privado en d\u00f3lares <\/strong>(millones)<\/p>\n\n\n\n<figure class=\"wp-block-image size-full\"><img decoding=\"async\" loading=\"lazy\" width=\"449\" height=\"294\" src=\"https:\/\/www.adeba.com.ar\/wp-content\/uploads\/2024\/09\/image-2.png\" alt=\"\" class=\"wp-image-38835\" srcset=\"https:\/\/www.adeba.com.ar\/wp-content\/uploads\/2024\/09\/image-2.png 449w, https:\/\/www.adeba.com.ar\/wp-content\/uploads\/2024\/09\/image-2-300x196.png 300w\" sizes=\"(max-width: 449px) 100vw, 449px\" \/><\/figure>\n\n\n\n<p>Fuente: Elaboraci\u00f3n propia en base a datos del BCRA e INDEC<\/p>\n\n\n\n<p>El sistema financiero est\u00e1 en condiciones y a disposici\u00f3n para continuar financiando la reactivaci\u00f3n econ\u00f3mica, atendiendo a aquellos sectores que necesiten recursos para incrementar su producci\u00f3n. Tambi\u00e9n para financiar a los hogares en sus decisiones de inversi\u00f3n y consumo, esto incluye tambi\u00e9n el cr\u00e9dito hipotecario. Cuando se dan las condiciones adecuadas, el sistema bancario financia al sector privado, es su raz\u00f3n de ser.<\/p>\n\n\n\n<p>En la medida que la actual Administraci\u00f3n persista con la reducci\u00f3n del gasto p\u00fablico, mantenga la disciplina fiscal, baje la inflaci\u00f3n, profundice la desregulaci\u00f3n -de las actividades econ\u00f3micas en general y las del sistema financiero en particular- y avance hacia la libertad cambiaria, el cr\u00e9dito bancario se seguir\u00e1 consolidando como potenciador del crecimiento.<\/p>\n\n\n\n<p><strong><em>Cr\u00e9dito, regulaci\u00f3n del BCRA y banca en la sombra<\/em><\/strong><\/p>\n\n\n\n<p>Tambi\u00e9n es importante que el BCRA contin\u00fae mejorando el marco regulatorio aplicando el principio de \u201ca igual actividad igual regulaci\u00f3n\u201d a fin de evitar asimetr\u00edas y la aparici\u00f3n -o profundizaci\u00f3n- de la denominada \u201cbanca en la sombra\u201d (<em>shadow banking<\/em>). Se llama <em>shadow banking <\/em>al conjunto de servicios y productos bancarios (formales o informales) que se ofrecen por fuera de la regulaci\u00f3n formal. La experiencia internacional muestra que cuanto mayor es el <em>shadow banking <\/em>mayor es el riesgo de inestabilidad financiera y del cr\u00e9dito bancario. Un informe reciente de la C\u00e1mara de Fintech se\u00f1al\u00f3 que \u201clas billeteras virtuales ya manejan el 5% de los dep\u00f3sitos del sector privado en Argentina\u201d. Esto s\u00edgnica que el 5% de los dep\u00f3sitos -generalmente de peque\u00f1os ahorristas- est\u00e1n en entidades no reguladas; <em>shadow banking<\/em>.<\/p>\n\n\n\n<p><strong><em>Cr\u00e9ditos por sectores<\/em><\/strong><\/p>\n\n\n\n<p>Hay, al menos, dos factores alentadores en esta recuperaci\u00f3n del cr\u00e9dito: se da en un contexto de tasas de inter\u00e9s reales positiva y se distribuye tanto en empresas como en familias. Desde mayo los cr\u00e9ditos personales crecieron un 77% mientras que los documentos un 65%. Le siguen los pr\u00e9stamos prendarios con un 51%, completando el podio de los de mayor crecimiento (Gr\u00e1fico 3). Los cr\u00e9ditos hipotecarios, que est\u00e1n en su etapa inicial y de \u201cafinamiento\u201d, aumentaron un 6%. En la medida que contin\u00fae bajando la inflaci\u00f3n y el riesgo pa\u00eds, estos cr\u00e9ditos demostrar\u00e1n aun mayor dinamismo.<\/p>\n\n\n\n<p><strong>Gr\u00e1fico 3: Crecimiento del cr\u00e9dito en t\u00e9rminos reales<\/strong> (ago-24 vs abr-24)<\/p>\n\n\n\n<figure class=\"wp-block-image size-full\"><img decoding=\"async\" loading=\"lazy\" width=\"448\" height=\"269\" src=\"https:\/\/www.adeba.com.ar\/wp-content\/uploads\/2024\/09\/image-3.png\" alt=\"\" class=\"wp-image-38836\" srcset=\"https:\/\/www.adeba.com.ar\/wp-content\/uploads\/2024\/09\/image-3.png 448w, https:\/\/www.adeba.com.ar\/wp-content\/uploads\/2024\/09\/image-3-300x180.png 300w\" sizes=\"(max-width: 448px) 100vw, 448px\" \/><\/figure>\n\n\n\n<p>Fuente: Elaboraci\u00f3n propia en base a datos del BCRA e INDEC<\/p>\n\n\n\n<p><strong><em>Comentarios finales<\/em><\/strong><\/p>\n\n\n\n<p>Queda mucho camino por recorrer para alcanzar niveles de cr\u00e9ditos razonables en nuestro pa\u00eds, que parte desde niveles muy bajo. Pero hay motivos para el optimismo; lo que en mayo era un \u201cdato alentador\u201d en agosto se ha transformado en una \u201ctendencia\u201d; el cr\u00e9dito viene creciendo a tasas de dos d\u00edgitos durante 4 meses y es de esperar que siga la tendencia de crecimiento sostenido.<\/p>\n\n\n\n<p>Le corresponde al Estado, las familias, empresas y bancos hacer los aportes para que esta tendencia de recuperaci\u00f3n del cr\u00e9dito mantenga y transforme en el combustible del desarrollo econ\u00f3mico.<\/p>\n\n\n\n<hr class=\"wp-block-separator has-alpha-channel-opacity\"\/>\n\n\n\n<p><a href=\"#_ftnref1\" id=\"_ftn1\">[1]<\/a> Se estim\u00f3 una inflaci\u00f3n del 4% para agosto. Se han tomado saldos promedio mensual.<\/p>\n","protected":false},"excerpt":{"rendered":"<p>Crecimiento r\u00e9cord del cr\u00e9dito bancario Clara y contundente; as\u00ed es la recuperaci\u00f3n que ha mostrado el cr\u00e9dito bancario al sector privado desde mayo a agosto del presente a\u00f1o: $ 10.942<span class=\"more\"><a class=\"more-link\" href=\"https:\/\/www.adeba.com.ar\/en\/el-credito-crece-a-tasas-de-dos-digitos\/\">Seguir leyendo <span class=\"meta-nav\">&#8594;<\/span><\/a><\/span><\/p>\n","protected":false},"author":1,"featured_media":38837,"comment_status":"closed","ping_status":"open","sticky":false,"template":"","format":"standard","meta":[],"categories":[247,4],"tags":[],"_links":{"self":[{"href":"https:\/\/www.adeba.com.ar\/en\/wp-json\/wp\/v2\/posts\/38832"}],"collection":[{"href":"https:\/\/www.adeba.com.ar\/en\/wp-json\/wp\/v2\/posts"}],"about":[{"href":"https:\/\/www.adeba.com.ar\/en\/wp-json\/wp\/v2\/types\/post"}],"author":[{"embeddable":true,"href":"https:\/\/www.adeba.com.ar\/en\/wp-json\/wp\/v2\/users\/1"}],"replies":[{"embeddable":true,"href":"https:\/\/www.adeba.com.ar\/en\/wp-json\/wp\/v2\/comments?post=38832"}],"version-history":[{"count":3,"href":"https:\/\/www.adeba.com.ar\/en\/wp-json\/wp\/v2\/posts\/38832\/revisions"}],"predecessor-version":[{"id":38841,"href":"https:\/\/www.adeba.com.ar\/en\/wp-json\/wp\/v2\/posts\/38832\/revisions\/38841"}],"wp:featuredmedia":[{"embeddable":true,"href":"https:\/\/www.adeba.com.ar\/en\/wp-json\/wp\/v2\/media\/38837"}],"wp:attachment":[{"href":"https:\/\/www.adeba.com.ar\/en\/wp-json\/wp\/v2\/media?parent=38832"}],"wp:term":[{"taxonomy":"category","embeddable":true,"href":"https:\/\/www.adeba.com.ar\/en\/wp-json\/wp\/v2\/categories?post=38832"},{"taxonomy":"post_tag","embeddable":true,"href":"https:\/\/www.adeba.com.ar\/en\/wp-json\/wp\/v2\/tags?post=38832"}],"curies":[{"name":"wp","href":"https:\/\/api.w.org\/{rel}","templated":true}]}}