{"id":38829,"date":"2024-09-05T18:10:19","date_gmt":"2024-09-05T21:10:19","guid":{"rendered":"https:\/\/www.adeba.com.ar\/?p=38829"},"modified":"2024-09-05T18:10:20","modified_gmt":"2024-09-05T21:10:20","slug":"adeba-repudia-el-atentado-contra-la-sociedad-rural-argentina","status":"publish","type":"post","link":"https:\/\/www.adeba.com.ar\/en\/adeba-repudia-el-atentado-contra-la-sociedad-rural-argentina\/","title":{"rendered":"ADEBA repudia el atentado contra la Sociedad Rural Argentina"},"content":{"rendered":"\n<p>La Asociaci\u00f3n de Bancos Argentinos (ADEBA) expresa su repudio al lamentable atentado del d\u00eda de hoy y su solidaridad con la Sociedad Rural Argentina (SRA), su titular Nicol\u00e1s Pino y sus colaboradores que padecieron la explosi\u00f3n.<\/p>\n\n\n\n<p>La democracia argentina requiere erradicar la violencia, para retomar el crecimiento y so\u00f1ar con un desarrollo en paz, donde las diferencias puedan ser dirimidas con el di\u00e1logo y el respeto entre las partes.<\/p>\n\n\n\n<p>Confiamos en una pronta investigaci\u00f3n, a trav\u00e9s de las autoridades y mecanismos competentes, para encontrar a los responsables de este hecho.<\/p>\n","protected":false},"excerpt":{"rendered":"<p>La Asociaci\u00f3n de Bancos Argentinos (ADEBA) expresa su repudio al lamentable atentado del d\u00eda de hoy y su solidaridad con la Sociedad Rural Argentina (SRA), su titular Nicol\u00e1s Pino y<span class=\"more\"><a class=\"more-link\" href=\"https:\/\/www.adeba.com.ar\/en\/adeba-repudia-el-atentado-contra-la-sociedad-rural-argentina\/\">Seguir leyendo <span class=\"meta-nav\">&#8594;<\/span><\/a><\/span><\/p>\n","protected":false},"author":1,"featured_media":38830,"comment_status":"closed","ping_status":"open","sticky":false,"template":"","format":"standard","meta":[],"categories":[255,4],"tags":[],"_links":{"self":[{"href":"https:\/\/www.adeba.com.ar\/en\/wp-json\/wp\/v2\/posts\/38829"}],"collection":[{"href":"https:\/\/www.adeba.com.ar\/en\/wp-json\/wp\/v2\/posts"}],"about":[{"href":"https:\/\/www.adeba.com.ar\/en\/wp-json\/wp\/v2\/types\/post"}],"author":[{"embeddable":true,"href":"https:\/\/www.adeba.com.ar\/en\/wp-json\/wp\/v2\/users\/1"}],"replies":[{"embeddable":true,"href":"https:\/\/www.adeba.com.ar\/en\/wp-json\/wp\/v2\/comments?post=38829"}],"version-history":[{"count":1,"href":"https:\/\/www.adeba.com.ar\/en\/wp-json\/wp\/v2\/posts\/38829\/revisions"}],"predecessor-version":[{"id":38831,"href":"https:\/\/www.adeba.com.ar\/en\/wp-json\/wp\/v2\/posts\/38829\/revisions\/38831"}],"wp:featuredmedia":[{"embeddable":true,"href":"https:\/\/www.adeba.com.ar\/en\/wp-json\/wp\/v2\/media\/38830"}],"wp:attachment":[{"href":"https:\/\/www.adeba.com.ar\/en\/wp-json\/wp\/v2\/media?parent=38829"}],"wp:term":[{"taxonomy":"category","embeddable":true,"href":"https:\/\/www.adeba.com.ar\/en\/wp-json\/wp\/v2\/categories?post=38829"},{"taxonomy":"post_tag","embeddable":true,"href":"https:\/\/www.adeba.com.ar\/en\/wp-json\/wp\/v2\/tags?post=38829"}],"curies":[{"name":"wp","href":"https:\/\/api.w.org\/{rel}","templated":true}]}}