{"id":37238,"date":"2024-04-25T10:33:46","date_gmt":"2024-04-25T13:33:46","guid":{"rendered":"https:\/\/www.adeba.com.ar\/?p=37238"},"modified":"2024-04-25T10:33:48","modified_gmt":"2024-04-25T13:33:48","slug":"c-97820","status":"publish","type":"post","link":"https:\/\/www.adeba.com.ar\/en\/c-97820\/","title":{"rendered":"\u00a0&#8216;C&#8217; 97820"},"content":{"rendered":"\n<p>Fondo de Garant\u00edas para el Desarrollo de las Micro, Peque\u00f1as y Medianas Empresas de la Provincia de Jujuy (FOGAJUY). Inscripci\u00f3n en el Registro de Fondos de Garant\u00eda de Car\u00e1cter P\u00fablico<\/p>\n","protected":false},"excerpt":{"rendered":"<p>Fondo de Garant\u00edas para el Desarrollo de las Micro, Peque\u00f1as y Medianas Empresas de la Provincia de Jujuy (FOGAJUY). Inscripci\u00f3n en el Registro de Fondos de Garant\u00eda de Car\u00e1cter P\u00fablico<\/p>\n","protected":false},"author":1,"featured_media":0,"comment_status":"closed","ping_status":"open","sticky":false,"template":"","format":"standard","meta":[],"categories":[5],"tags":[],"_links":{"self":[{"href":"https:\/\/www.adeba.com.ar\/en\/wp-json\/wp\/v2\/posts\/37238"}],"collection":[{"href":"https:\/\/www.adeba.com.ar\/en\/wp-json\/wp\/v2\/posts"}],"about":[{"href":"https:\/\/www.adeba.com.ar\/en\/wp-json\/wp\/v2\/types\/post"}],"author":[{"embeddable":true,"href":"https:\/\/www.adeba.com.ar\/en\/wp-json\/wp\/v2\/users\/1"}],"replies":[{"embeddable":true,"href":"https:\/\/www.adeba.com.ar\/en\/wp-json\/wp\/v2\/comments?post=37238"}],"version-history":[{"count":1,"href":"https:\/\/www.adeba.com.ar\/en\/wp-json\/wp\/v2\/posts\/37238\/revisions"}],"predecessor-version":[{"id":37239,"href":"https:\/\/www.adeba.com.ar\/en\/wp-json\/wp\/v2\/posts\/37238\/revisions\/37239"}],"wp:attachment":[{"href":"https:\/\/www.adeba.com.ar\/en\/wp-json\/wp\/v2\/media?parent=37238"}],"wp:term":[{"taxonomy":"category","embeddable":true,"href":"https:\/\/www.adeba.com.ar\/en\/wp-json\/wp\/v2\/categories?post=37238"},{"taxonomy":"post_tag","embeddable":true,"href":"https:\/\/www.adeba.com.ar\/en\/wp-json\/wp\/v2\/tags?post=37238"}],"curies":[{"name":"wp","href":"https:\/\/api.w.org\/{rel}","templated":true}]}}