{"id":36947,"date":"2024-04-10T15:22:14","date_gmt":"2024-04-10T18:22:14","guid":{"rendered":"https:\/\/www.adeba.com.ar\/?p=36947"},"modified":"2024-04-11T13:56:40","modified_gmt":"2024-04-11T16:56:40","slug":"adeba-eligio-sus-autoridades","status":"publish","type":"post","link":"https:\/\/www.adeba.com.ar\/en\/adeba-eligio-sus-autoridades\/","title":{"rendered":"ADEBA eligi\u00f3 sus autoridades\u00a0"},"content":{"rendered":"\n<p>La Asociaci\u00f3n de Bancos Argentinos (ADEBA) celebr\u00f3 su asamblea ordinaria.<\/p>\n\n\n\n<p><strong>Javier Bolzico<\/strong>, que fue elegido presidente por unanimidad expres\u00f3: \u201cEl sistema financiero cuenta con los recursos econ\u00f3micos, tecnol\u00f3gicos y humanos para ser uno de los pilares del crecimiento econ\u00f3mico. Con las condiciones adecuadas en poco tiempo se puede duplicar el cr\u00e9dito bancario y continuar con un crecimiento real de dos d\u00edgitos durante varios a\u00f1os. Es necesario que la incertidumbre que ha caracterizado las \u00faltimas d\u00e9cadas, deje paso a un contexto de mayor credibilidad y previsibilidad. Ese es el gran desaf\u00edo que el Gobierno y la sociedad tenemos por delante\u201d.<\/p>\n\n\n\n<p>La Comisi\u00f3n Directiva se integr\u00e1 con los siguientes bancos: Macro, Galicia, Supervielle, Hipotecario, Ciudad , CMF, Mariva, Comafi, Santiago del Estero, de Valores, Piano. como vocales titulares. Pcia de Cordoba, Industrial, Brunak, Wilobank, Roela, como vocales suplentes.&nbsp; BST y Saenz como revisores de cuentas.<\/p>\n\n\n\n<p>\u201cVemos una gran oportunidad para el crecimiento del sistema financiero. A fin que el sistema bancario para apoyar a los sectores productivos con todo su potencial, es necesario avanzar en la consolidaci\u00f3n fiscal, remover regulaciones que atentan contra el desarrollo y unificar el mercado cambiario. Desde ADEBA seguiremos trabajando con los bancos y las autoridades en post de un sistema financiero competitivo, que sea una herramienta eficaz para el desarrollo econ\u00f3mico y la inclusi\u00f3n financiera.\u201d, concluy\u00f3 el presidente de la entidad.<\/p>\n","protected":false},"excerpt":{"rendered":"<p>La Asociaci\u00f3n de Bancos Argentinos (ADEBA) celebr\u00f3 su asamblea ordinaria. Javier Bolzico, que fue elegido presidente por unanimidad expres\u00f3: \u201cEl sistema financiero cuenta con los recursos econ\u00f3micos, tecnol\u00f3gicos y humanos<span class=\"more\"><a class=\"more-link\" href=\"https:\/\/www.adeba.com.ar\/en\/adeba-eligio-sus-autoridades\/\">Seguir leyendo <span class=\"meta-nav\">&#8594;<\/span><\/a><\/span><\/p>\n","protected":false},"author":1,"featured_media":36988,"comment_status":"closed","ping_status":"open","sticky":false,"template":"","format":"standard","meta":[],"categories":[4],"tags":[],"_links":{"self":[{"href":"https:\/\/www.adeba.com.ar\/en\/wp-json\/wp\/v2\/posts\/36947"}],"collection":[{"href":"https:\/\/www.adeba.com.ar\/en\/wp-json\/wp\/v2\/posts"}],"about":[{"href":"https:\/\/www.adeba.com.ar\/en\/wp-json\/wp\/v2\/types\/post"}],"author":[{"embeddable":true,"href":"https:\/\/www.adeba.com.ar\/en\/wp-json\/wp\/v2\/users\/1"}],"replies":[{"embeddable":true,"href":"https:\/\/www.adeba.com.ar\/en\/wp-json\/wp\/v2\/comments?post=36947"}],"version-history":[{"count":2,"href":"https:\/\/www.adeba.com.ar\/en\/wp-json\/wp\/v2\/posts\/36947\/revisions"}],"predecessor-version":[{"id":36987,"href":"https:\/\/www.adeba.com.ar\/en\/wp-json\/wp\/v2\/posts\/36947\/revisions\/36987"}],"wp:featuredmedia":[{"embeddable":true,"href":"https:\/\/www.adeba.com.ar\/en\/wp-json\/wp\/v2\/media\/36988"}],"wp:attachment":[{"href":"https:\/\/www.adeba.com.ar\/en\/wp-json\/wp\/v2\/media?parent=36947"}],"wp:term":[{"taxonomy":"category","embeddable":true,"href":"https:\/\/www.adeba.com.ar\/en\/wp-json\/wp\/v2\/categories?post=36947"},{"taxonomy":"post_tag","embeddable":true,"href":"https:\/\/www.adeba.com.ar\/en\/wp-json\/wp\/v2\/tags?post=36947"}],"curies":[{"name":"wp","href":"https:\/\/api.w.org\/{rel}","templated":true}]}}