{"id":35593,"date":"2023-12-29T11:32:08","date_gmt":"2023-12-29T14:32:08","guid":{"rendered":"https:\/\/www.adeba.com.ar\/?p=35593"},"modified":"2024-01-02T11:32:23","modified_gmt":"2024-01-02T14:32:23","slug":"resolucion-general-de-la-administracion-federal-de-ingresos-publicos-5472-2023","status":"publish","type":"post","link":"https:\/\/www.adeba.com.ar\/en\/resolucion-general-de-la-administracion-federal-de-ingresos-publicos-5472-2023\/","title":{"rendered":"Resoluci\u00f3n General de la Administraci\u00f3n Federal de Ingresos P\u00fablicos 5472\/2023"},"content":{"rendered":"\n<figure class=\"wp-block-table\"><table><tbody><tr><td><strong>Registros Especiales Aduaneros. Resoluci\u00f3n General N\u00ba 2.570 y sus modificatorias. Su modificaci\u00f3n. Resoluci\u00f3n General N\u00ba 333. Su sustituci\u00f3n.<\/strong><\/td><\/tr><tr><td>AFIP crea el &#8216;<strong>Perfil de Importador\/Exportador<\/strong>&#8216; y el &#8216;<strong>Perfil de Despachante de Aduana\/Declarante<\/strong>&#8216;&nbsp;a los fines de gestionar las destinaciones de la mercader\u00eda y dem\u00e1s operaciones aduaneras, las cuales deber\u00e1n efectuarse conforme lo dispuesto por la normativa vigente.&nbsp;Se entender\u00e1 como &#8216;declarante&#8217; al importador\/exportador o persona humana o jur\u00eddica autorizada por \u00e9ste, los cuales deber\u00e1n darse de alta en el &#8216;Perfil de Despachante de Aduana\/Declarante&#8217;.&nbsp;Se aclara que&nbsp;se asignar\u00e1 autom\u00e1ticamente&nbsp;el &#8216;Perfil de Importador\/Exportador&#8217; y\/o el &#8216;Perfil de Despachante de Aduana\/Declarante&#8217;&nbsp;a aquellos sujetos que se encuentren inscriptos en el Registro de Importador\/Exportador y\/o Despachante de Aduana, seg\u00fan corresponda.<\/td><\/tr><\/tbody><\/table><\/figure>\n","protected":false},"excerpt":{"rendered":"<p>Registros Especiales Aduaneros. Resoluci\u00f3n General N\u00ba 2.570 y sus modificatorias. Su modificaci\u00f3n. Resoluci\u00f3n General N\u00ba 333. Su sustituci\u00f3n. AFIP crea el &#8216;Perfil de Importador\/Exportador&#8216; y el &#8216;Perfil de Despachante de<span class=\"more\"><a class=\"more-link\" href=\"https:\/\/www.adeba.com.ar\/en\/resolucion-general-de-la-administracion-federal-de-ingresos-publicos-5472-2023\/\">Seguir leyendo <span class=\"meta-nav\">&#8594;<\/span><\/a><\/span><\/p>\n","protected":false},"author":1,"featured_media":0,"comment_status":"closed","ping_status":"open","sticky":false,"template":"","format":"standard","meta":[],"categories":[5],"tags":[],"_links":{"self":[{"href":"https:\/\/www.adeba.com.ar\/en\/wp-json\/wp\/v2\/posts\/35593"}],"collection":[{"href":"https:\/\/www.adeba.com.ar\/en\/wp-json\/wp\/v2\/posts"}],"about":[{"href":"https:\/\/www.adeba.com.ar\/en\/wp-json\/wp\/v2\/types\/post"}],"author":[{"embeddable":true,"href":"https:\/\/www.adeba.com.ar\/en\/wp-json\/wp\/v2\/users\/1"}],"replies":[{"embeddable":true,"href":"https:\/\/www.adeba.com.ar\/en\/wp-json\/wp\/v2\/comments?post=35593"}],"version-history":[{"count":1,"href":"https:\/\/www.adeba.com.ar\/en\/wp-json\/wp\/v2\/posts\/35593\/revisions"}],"predecessor-version":[{"id":35594,"href":"https:\/\/www.adeba.com.ar\/en\/wp-json\/wp\/v2\/posts\/35593\/revisions\/35594"}],"wp:attachment":[{"href":"https:\/\/www.adeba.com.ar\/en\/wp-json\/wp\/v2\/media?parent=35593"}],"wp:term":[{"taxonomy":"category","embeddable":true,"href":"https:\/\/www.adeba.com.ar\/en\/wp-json\/wp\/v2\/categories?post=35593"},{"taxonomy":"post_tag","embeddable":true,"href":"https:\/\/www.adeba.com.ar\/en\/wp-json\/wp\/v2\/tags?post=35593"}],"curies":[{"name":"wp","href":"https:\/\/api.w.org\/{rel}","templated":true}]}}