{"id":35269,"date":"2023-12-13T10:42:57","date_gmt":"2023-12-13T13:42:57","guid":{"rendered":"https:\/\/www.adeba.com.ar\/?p=35269"},"modified":"2023-12-21T10:43:12","modified_gmt":"2023-12-21T13:43:12","slug":"decreto-28-2023","status":"publish","type":"post","link":"https:\/\/www.adeba.com.ar\/en\/decreto-28-2023\/","title":{"rendered":"Decreto 28\/2023"},"content":{"rendered":"\n<figure class=\"wp-block-table\"><table><tbody><tr><td><strong>Programa Incremento Exportador. Disposiciones.<\/strong><\/td><\/tr><tr><td>El Poder Ejecutivo dispone que&nbsp;<strong>el contravalor de la exportaci\u00f3n<\/strong>&nbsp;de las prestaciones de servicios comprendidas en el inciso c) del apartado 2 del art\u00edculo 10 de la Ley N\u00b022.415, y sus modificaciones y de la exportaci\u00f3n de las mercader\u00edas comprendidas en la Nomenclatura Com\u00fan del MERCOSUR (N.C.M.), incluidos los supuestos de prefinanciaci\u00f3n y\/o postfinanciaci\u00f3n de exportaciones del exterior o un anticipo de liquidaci\u00f3n, deber\u00e1:&nbsp;&#8211;&nbsp;<strong>80 %<\/strong>: ingresarse al pa\u00eds en divisas y\/o negociarse, a trav\u00e9s del Mercado Libre de Cambios (MLC)&nbsp;<br>&#8211;&nbsp;<strong>20 %<\/strong>: concretar operaciones de compraventa con valores negociables adquiridos con liquidaci\u00f3n en moneda extranjera y vendidos con liquidaci\u00f3n en moneda local.&nbsp;Se aclara que los exportadores de las mercader\u00edas comprendidas en la N.C.M., alcanzados por lo mencionado, efectuar\u00e1n el pago de los derechos, tributos y dem\u00e1s conceptos en los t\u00e9rminos, plazos y condiciones que establece la normativa vigente, correspondi\u00e9ndoles la al\u00edcuota del Derecho de Exportaci\u00f3n (D.E.) respectivo, considerando el contravalor excepcional previsto.<\/td><\/tr><\/tbody><\/table><\/figure>\n","protected":false},"excerpt":{"rendered":"<p>Programa Incremento Exportador. Disposiciones. El Poder Ejecutivo dispone que&nbsp;el contravalor de la exportaci\u00f3n&nbsp;de las prestaciones de servicios comprendidas en el inciso c) del apartado 2 del art\u00edculo 10 de la<span class=\"more\"><a class=\"more-link\" href=\"https:\/\/www.adeba.com.ar\/en\/decreto-28-2023\/\">Seguir leyendo <span class=\"meta-nav\">&#8594;<\/span><\/a><\/span><\/p>\n","protected":false},"author":1,"featured_media":0,"comment_status":"closed","ping_status":"open","sticky":false,"template":"","format":"standard","meta":[],"categories":[5],"tags":[],"_links":{"self":[{"href":"https:\/\/www.adeba.com.ar\/en\/wp-json\/wp\/v2\/posts\/35269"}],"collection":[{"href":"https:\/\/www.adeba.com.ar\/en\/wp-json\/wp\/v2\/posts"}],"about":[{"href":"https:\/\/www.adeba.com.ar\/en\/wp-json\/wp\/v2\/types\/post"}],"author":[{"embeddable":true,"href":"https:\/\/www.adeba.com.ar\/en\/wp-json\/wp\/v2\/users\/1"}],"replies":[{"embeddable":true,"href":"https:\/\/www.adeba.com.ar\/en\/wp-json\/wp\/v2\/comments?post=35269"}],"version-history":[{"count":1,"href":"https:\/\/www.adeba.com.ar\/en\/wp-json\/wp\/v2\/posts\/35269\/revisions"}],"predecessor-version":[{"id":35270,"href":"https:\/\/www.adeba.com.ar\/en\/wp-json\/wp\/v2\/posts\/35269\/revisions\/35270"}],"wp:attachment":[{"href":"https:\/\/www.adeba.com.ar\/en\/wp-json\/wp\/v2\/media?parent=35269"}],"wp:term":[{"taxonomy":"category","embeddable":true,"href":"https:\/\/www.adeba.com.ar\/en\/wp-json\/wp\/v2\/categories?post=35269"},{"taxonomy":"post_tag","embeddable":true,"href":"https:\/\/www.adeba.com.ar\/en\/wp-json\/wp\/v2\/tags?post=35269"}],"curies":[{"name":"wp","href":"https:\/\/api.w.org\/{rel}","templated":true}]}}