{"id":35255,"date":"2023-12-13T10:40:41","date_gmt":"2023-12-13T13:40:41","guid":{"rendered":"https:\/\/www.adeba.com.ar\/?p=35255"},"modified":"2023-12-21T10:40:55","modified_gmt":"2023-12-21T13:40:55","slug":"resolucion-general-de-la-administracion-federal-de-ingresos-publicos-5460-2023","status":"publish","type":"post","link":"https:\/\/www.adeba.com.ar\/en\/resolucion-general-de-la-administracion-federal-de-ingresos-publicos-5460-2023\/","title":{"rendered":"\u00a0\u00a0Resoluci\u00f3n General de la Administraci\u00f3n Federal de Ingresos P\u00fablicos 5460\/2023\u00a0"},"content":{"rendered":"\n<p>Admisi\u00f3n y Salida Temporal de veh\u00edculos particulares utilizados en viajes de turismo desde y hacia la Rep\u00fablica de Chile. Resoluci\u00f3n General N\u00ba 2.623 y su modificatoria. Su sustituci\u00f3n.<\/p>\n","protected":false},"excerpt":{"rendered":"<p>Admisi\u00f3n y Salida Temporal de veh\u00edculos particulares utilizados en viajes de turismo desde y hacia la Rep\u00fablica de Chile. Resoluci\u00f3n General N\u00ba 2.623 y su modificatoria. Su sustituci\u00f3n.<\/p>\n","protected":false},"author":1,"featured_media":0,"comment_status":"closed","ping_status":"open","sticky":false,"template":"","format":"standard","meta":[],"categories":[5],"tags":[],"_links":{"self":[{"href":"https:\/\/www.adeba.com.ar\/en\/wp-json\/wp\/v2\/posts\/35255"}],"collection":[{"href":"https:\/\/www.adeba.com.ar\/en\/wp-json\/wp\/v2\/posts"}],"about":[{"href":"https:\/\/www.adeba.com.ar\/en\/wp-json\/wp\/v2\/types\/post"}],"author":[{"embeddable":true,"href":"https:\/\/www.adeba.com.ar\/en\/wp-json\/wp\/v2\/users\/1"}],"replies":[{"embeddable":true,"href":"https:\/\/www.adeba.com.ar\/en\/wp-json\/wp\/v2\/comments?post=35255"}],"version-history":[{"count":1,"href":"https:\/\/www.adeba.com.ar\/en\/wp-json\/wp\/v2\/posts\/35255\/revisions"}],"predecessor-version":[{"id":35256,"href":"https:\/\/www.adeba.com.ar\/en\/wp-json\/wp\/v2\/posts\/35255\/revisions\/35256"}],"wp:attachment":[{"href":"https:\/\/www.adeba.com.ar\/en\/wp-json\/wp\/v2\/media?parent=35255"}],"wp:term":[{"taxonomy":"category","embeddable":true,"href":"https:\/\/www.adeba.com.ar\/en\/wp-json\/wp\/v2\/categories?post=35255"},{"taxonomy":"post_tag","embeddable":true,"href":"https:\/\/www.adeba.com.ar\/en\/wp-json\/wp\/v2\/tags?post=35255"}],"curies":[{"name":"wp","href":"https:\/\/api.w.org\/{rel}","templated":true}]}}